{"id":10,"date":"2024-12-10T15:57:28","date_gmt":"2024-12-10T15:57:28","guid":{"rendered":"https:\/\/www.immobiliarecasani.it\/blog\/?p=10"},"modified":"2025-06-18T14:03:31","modified_gmt":"2025-06-18T14:03:31","slug":"titolo-casa-vacanza-affittasi-tutto-quello-che-ce-da-sapere","status":"publish","type":"post","link":"https:\/\/www.immobiliarecasani.it\/blog\/titolo-casa-vacanza-affittasi-tutto-quello-che-ce-da-sapere\/","title":{"rendered":"Casa vacanza affittasi: tutto quello che c\u2019\u00e8 da sapere"},"content":{"rendered":"\n<h2 class=\"wp-block-heading\">Hai una casa vacanza da affittare? Ecco una breve guida con tutto quello che devi sapere!<\/h2>\n\n\n\n<p>Mettere a reddito la propria casa pu\u00f2 essere un modo per incrementare il bilancio familiare. Se parliamo di affitti turistici, possiamo scegliere essenzialmente tra due soluzioni: affittare la nostra casa per periodi brevi o brevissimi, oppure darla in locazione mensilmente o per tutta la stagione (affitto transitorio).<\/p>\n\n\n\n<h3 class=\"wp-block-heading\"><strong>Locazione turistica o affitto breve?<\/strong><\/h3>\n\n\n\n<p>La differenza tra locazione turistica e locazione breve riguarda i servizi offerti e gli obblighi specifici a cui sono soggetti i proprietari o i gestori dell\u2019immobile. La locazione turistica si riferisce a strutture ricettive extra-alberghiere, come le \u201ccase vacanza\u201d, e rientra nei contratti di locazione brevi.<\/p>\n\n\n\n<h3 class=\"wp-block-heading\"><strong>Affitto breve<\/strong><\/h3>\n\n\n\n<p>La locazione breve \u00e8 regolamentata dall\u2019art. 4 del D.L. 50\/2017 e permette di affittare il proprio immobile a uso esclusivamente abitativo, per un massimo di 30 giorni. Per soggiorni superiori ai 30 giorni e fino a 18 mesi si utilizza la formula dell\u2019affitto transitorio. Le locazioni brevi possono essere gestite direttamente dal proprietario, da agenzie immobiliari o da enti che gestiscono portali telematici (come Airbnb, Booking, ecc.).<\/p>\n\n\n\n<h3 class=\"wp-block-heading\">Quando scegliere l\u2019affitto breve?<\/h3>\n\n\n\n<p>L\u2019affitto breve \u00e8 ideale per chi desidera ottenere il massimo rendimento, anche se richiede un maggiore impegno pratico. \u00c8 una soluzione indicata per chi ha una seconda casa che utilizza solo per brevi periodi durante l\u2019anno. Bisogna per\u00f2 essere consapevoli degli obblighi di legge e delle regole dettate da Regione, Provincia e Comune. L\u2019impegno prevede la gestione del check-in e check-out, la pulizia, la segnalazione degli ospiti alla questura entro 24 ore dal loro arrivo, la registrazione delle presenze all\u2019Istat e, se prevista, la riscossione della tassa di soggiorno.<\/p>\n\n\n\n<p>Ci sono poi degli obblighi di legge a cui si aggiungono le regole dettate da Regione, Provincia, Comune, per cui \u00e8 necessario informarsi preventivamente per sapere esattamente cosa fare. A volte non sapere pu\u00f2 causare solo l\u2019arrivo di una sanzione, altre volte, come nel caso della mancata segnalazione in questura degli ospiti, il reato \u00e8 penale.<\/p>\n\n\n\n<h3 class=\"wp-block-heading\">Affittare la mia casa: quanto mi costa?<\/h3>\n\n\n\n<p>Negli ultimi anni, i costi a carico del proprietario sono aumentati anche perch\u00e9 sono maggiori le aspettative di chi affitta una casa vacanza. Gli ospiti si aspettano appartamenti perfettamente puliti, con biancheria in ordine lavata e stirata e una buona attrezzatura in cucina. Giardino, piscina, parcheggio per l\u2019auto e il wi-fi sono invece attenzioni nei confronti degli ospiti che possono fare la differenza. I costi delle utenze, sempre a carico del proprietario, sono diventati una voce importante da considerare.<\/p>\n\n\n\n<h3 class=\"wp-block-heading\"><strong>Cose da fare<\/strong><\/h3>\n\n\n\n<p>Gli immobili affittati devono per legge essere dotati di dispositivi per la rilevazione di gas combustibili e monossido di carbonio, nonch\u00e9 di estintori portatili. Tutte le strutture ricettive con finalit\u00e0 turistiche devono inoltre richiedere un codice alfanumerico, detto CIR (Codice Identificativo di Riferimento), che entro fine 2024 verr\u00e0 sostituito dal Codice Identificativo Nazionale (CIN).&nbsp;<\/p>\n\n\n\n<p>Per la locazione breve non \u00e8 prevista registrazione del contratto all\u2019Agenzia delle entrate. \u00c8 obbligatoria, invece, la comunicazione dei dati degli ospiti alla questura territorialmente competente, tramite il canale Entratel\/Fisconline e i software resi disponibili gratuitamente dall\u2019Agenzia delle Entrate.<\/p>\n\n\n\n<h3 class=\"wp-block-heading\"><strong>Le tasse<\/strong><\/h3>\n\n\n\n<p>Le locazioni brevi sono soggette a tassazione IRPEF. In alternativa, si pu\u00f2 optare per la cedolare secca del 21% sul canone lordo di locazione. Gli affitti brevi o turistici prevedono anche la tassa di soggiorno, a carico dell\u2019ospite, ma deve essere dichiarata dal proprietario o da chi gestisce l\u2019affitto. La tassa \u00e8 gestita a livello comunale, per questo \u00e8 necessario informarsi presso il proprio Comune se \u00e8 richiesta, a quanto ammonta e le modalit\u00e0 di pagamento.\u00a0<\/p>\n\n\n\n<h3 class=\"wp-block-heading\"><strong>Farsi aiutare<\/strong><\/h3>\n\n\n\n<p>Farsi aiutare da persone preparate pu\u00f2 fare la differenza, garantendo maggiore sicurezza e libert\u00e0 da ogni impegno. La nostra agenzia si occupa di tutto: trovare e accogliere i clienti, gestire la parte burocratica, rispondere agli ospiti in caso di necessit\u00e0, occuparsi delle pulizie e dello stato dell\u2019immobile.<\/p>\n\n\n\n<p>Se vuoi mettere a reddito il tuo immobile, <strong><mark style=\"background-color:rgba(0, 0, 0, 0)\" class=\"has-inline-color has-pale-cyan-blue-color\"><a href=\"https:\/\/www.immobiliarecasani.it\/vendi-con-noi\/\" data-type=\"link\" data-id=\"https:\/\/www.immobiliarecasani.it\/vendi-con-noi\/\">contattaci<\/a>!<\/mark><\/strong> Troveremo insieme la miglior soluzione per le tue esigenze.<\/p>\n\n\n\n<p><\/p>\n","protected":false},"excerpt":{"rendered":"<p>Hai una casa vacanza da affittare? Ecco una breve guida con tutto quello che devi sapere!<\/p>\n<p> <a class=\"more-link\" href=\"https:\/\/www.immobiliarecasani.it\/blog\/titolo-casa-vacanza-affittasi-tutto-quello-che-ce-da-sapere\/\">Leggi tutto<\/a><\/p>","protected":false},"author":1,"featured_media":130,"comment_status":"open","ping_status":"open","sticky":false,"template":"","format":"standard","meta":{"footnotes":""},"categories":[16],"tags":[],"class_list":{"0":"post-10","1":"post","2":"type-post","3":"status-publish","4":"format-standard","5":"has-post-thumbnail","7":"category-normative-mercato"},"yoast_head":"<!-- This site is optimized with the Yoast SEO plugin v24.6 - https:\/\/yoast.com\/wordpress\/plugins\/seo\/ -->\n<title>Casa vacanza affittasi: tutto quello che c\u2019\u00e8 da sapere - Immobiliare Casani | Propriet\u00e0 esclusive in Vendita in Versilia<\/title>\n<meta name=\"robots\" content=\"index, follow, max-snippet:-1, max-image-preview:large, max-video-preview:-1\" \/>\n<link rel=\"canonical\" href=\"https:\/\/www.immobiliarecasani.it\/blog\/titolo-casa-vacanza-affittasi-tutto-quello-che-ce-da-sapere\/\" \/>\n<meta property=\"og:locale\" content=\"it_IT\" \/>\n<meta property=\"og:type\" content=\"article\" \/>\n<meta property=\"og:title\" content=\"Casa vacanza affittasi: tutto quello che c\u2019\u00e8 da sapere - Immobiliare Casani | Propriet\u00e0 esclusive in Vendita in Versilia\" \/>\n<meta property=\"og:description\" content=\"Hai una casa vacanza da affittare? Ecco una breve guida con tutto quello che devi sapere!\" \/>\n<meta property=\"og:url\" content=\"https:\/\/www.immobiliarecasani.it\/blog\/titolo-casa-vacanza-affittasi-tutto-quello-che-ce-da-sapere\/\" \/>\n<meta property=\"og:site_name\" content=\"Immobiliare Casani | Propriet\u00e0 esclusive in Vendita in Versilia\" \/>\n<meta property=\"article:published_time\" content=\"2024-12-10T15:57:28+00:00\" \/>\n<meta property=\"article:modified_time\" content=\"2025-06-18T14:03:31+00:00\" \/>\n<meta property=\"og:image\" content=\"https:\/\/www.immobiliarecasani.it\/blog\/wp-content\/uploads\/2025\/02\/fotografia-casa9.webp\" \/>\n\t<meta property=\"og:image:width\" content=\"750\" \/>\n\t<meta property=\"og:image:height\" content=\"500\" \/>\n\t<meta property=\"og:image:type\" content=\"image\/webp\" \/>\n<meta name=\"author\" content=\"redazione\" \/>\n<meta name=\"twitter:card\" content=\"summary_large_image\" \/>\n<meta name=\"twitter:label1\" content=\"Scritto da\" \/>\n\t<meta name=\"twitter:data1\" content=\"redazione\" \/>\n\t<meta name=\"twitter:label2\" content=\"Tempo di lettura stimato\" \/>\n\t<meta name=\"twitter:data2\" content=\"4 minuti\" \/>\n<script type=\"application\/ld+json\" class=\"yoast-schema-graph\">{\"@context\":\"https:\/\/schema.org\",\"@graph\":[{\"@type\":\"WebPage\",\"@id\":\"https:\/\/www.immobiliarecasani.it\/blog\/titolo-casa-vacanza-affittasi-tutto-quello-che-ce-da-sapere\/\",\"url\":\"https:\/\/www.immobiliarecasani.it\/blog\/titolo-casa-vacanza-affittasi-tutto-quello-che-ce-da-sapere\/\",\"name\":\"Casa vacanza affittasi: tutto quello che c\u2019\u00e8 da sapere - Immobiliare Casani | Propriet\u00e0 esclusive in Vendita in Versilia\",\"isPartOf\":{\"@id\":\"https:\/\/www.immobiliarecasani.it\/blog\/#website\"},\"primaryImageOfPage\":{\"@id\":\"https:\/\/www.immobiliarecasani.it\/blog\/titolo-casa-vacanza-affittasi-tutto-quello-che-ce-da-sapere\/#primaryimage\"},\"image\":{\"@id\":\"https:\/\/www.immobiliarecasani.it\/blog\/titolo-casa-vacanza-affittasi-tutto-quello-che-ce-da-sapere\/#primaryimage\"},\"thumbnailUrl\":\"https:\/\/www.immobiliarecasani.it\/blog\/wp-content\/uploads\/2025\/02\/fotografia-casa9.webp\",\"datePublished\":\"2024-12-10T15:57:28+00:00\",\"dateModified\":\"2025-06-18T14:03:31+00:00\",\"author\":{\"@id\":\"https:\/\/www.immobiliarecasani.it\/blog\/#\/schema\/person\/6dcab91ced0b4208769b25d73f4cc5d9\"},\"breadcrumb\":{\"@id\":\"https:\/\/www.immobiliarecasani.it\/blog\/titolo-casa-vacanza-affittasi-tutto-quello-che-ce-da-sapere\/#breadcrumb\"},\"inLanguage\":\"it-IT\",\"potentialAction\":[{\"@type\":\"ReadAction\",\"target\":[\"https:\/\/www.immobiliarecasani.it\/blog\/titolo-casa-vacanza-affittasi-tutto-quello-che-ce-da-sapere\/\"]}]},{\"@type\":\"ImageObject\",\"inLanguage\":\"it-IT\",\"@id\":\"https:\/\/www.immobiliarecasani.it\/blog\/titolo-casa-vacanza-affittasi-tutto-quello-che-ce-da-sapere\/#primaryimage\",\"url\":\"https:\/\/www.immobiliarecasani.it\/blog\/wp-content\/uploads\/2025\/02\/fotografia-casa9.webp\",\"contentUrl\":\"https:\/\/www.immobiliarecasani.it\/blog\/wp-content\/uploads\/2025\/02\/fotografia-casa9.webp\",\"width\":750,\"height\":500,\"caption\":\"Hai una casa da affittare?\"},{\"@type\":\"BreadcrumbList\",\"@id\":\"https:\/\/www.immobiliarecasani.it\/blog\/titolo-casa-vacanza-affittasi-tutto-quello-che-ce-da-sapere\/#breadcrumb\",\"itemListElement\":[{\"@type\":\"ListItem\",\"position\":1,\"name\":\"Home\",\"item\":\"https:\/\/www.immobiliarecasani.it\/blog\/\"},{\"@type\":\"ListItem\",\"position\":2,\"name\":\"Casa vacanza affittasi: tutto quello che c\u2019\u00e8 da sapere\"}]},{\"@type\":\"WebSite\",\"@id\":\"https:\/\/www.immobiliarecasani.it\/blog\/#website\",\"url\":\"https:\/\/www.immobiliarecasani.it\/blog\/\",\"name\":\"Immobiliare Casani | Propriet\u00e0 esclusive in Vendita in Versilia\",\"description\":\"tutta un&#039;altra casa\",\"potentialAction\":[{\"@type\":\"SearchAction\",\"target\":{\"@type\":\"EntryPoint\",\"urlTemplate\":\"https:\/\/www.immobiliarecasani.it\/blog\/?s={search_term_string}\"},\"query-input\":{\"@type\":\"PropertyValueSpecification\",\"valueRequired\":true,\"valueName\":\"search_term_string\"}}],\"inLanguage\":\"it-IT\"},{\"@type\":\"Person\",\"@id\":\"https:\/\/www.immobiliarecasani.it\/blog\/#\/schema\/person\/6dcab91ced0b4208769b25d73f4cc5d9\",\"name\":\"redazione\",\"image\":{\"@type\":\"ImageObject\",\"inLanguage\":\"it-IT\",\"@id\":\"https:\/\/www.immobiliarecasani.it\/blog\/#\/schema\/person\/image\/\",\"url\":\"https:\/\/secure.gravatar.com\/avatar\/32bf9a2b6e7adbb403b69e51dbb6fe45110b35b0202aff9f833359ec0ac74f7e?s=96&d=mm&r=g\",\"contentUrl\":\"https:\/\/secure.gravatar.com\/avatar\/32bf9a2b6e7adbb403b69e51dbb6fe45110b35b0202aff9f833359ec0ac74f7e?s=96&d=mm&r=g\",\"caption\":\"redazione\"},\"sameAs\":[\"https:\/\/www.immobiliarecasani.it\/blog\"],\"url\":\"https:\/\/www.immobiliarecasani.it\/blog\/author\/infoimmobiliarecasani-it\/\"}]}<\/script>\n<!-- \/ Yoast SEO plugin. -->","yoast_head_json":{"title":"Casa vacanza affittasi: tutto quello che c\u2019\u00e8 da sapere - Immobiliare Casani | Propriet\u00e0 esclusive in Vendita in Versilia","robots":{"index":"index","follow":"follow","max-snippet":"max-snippet:-1","max-image-preview":"max-image-preview:large","max-video-preview":"max-video-preview:-1"},"canonical":"https:\/\/www.immobiliarecasani.it\/blog\/titolo-casa-vacanza-affittasi-tutto-quello-che-ce-da-sapere\/","og_locale":"it_IT","og_type":"article","og_title":"Casa vacanza affittasi: tutto quello che c\u2019\u00e8 da sapere - Immobiliare Casani | Propriet\u00e0 esclusive in Vendita in Versilia","og_description":"Hai una casa vacanza da affittare? Ecco una breve guida con tutto quello che devi sapere!","og_url":"https:\/\/www.immobiliarecasani.it\/blog\/titolo-casa-vacanza-affittasi-tutto-quello-che-ce-da-sapere\/","og_site_name":"Immobiliare Casani | Propriet\u00e0 esclusive in Vendita in Versilia","article_published_time":"2024-12-10T15:57:28+00:00","article_modified_time":"2025-06-18T14:03:31+00:00","og_image":[{"width":750,"height":500,"url":"https:\/\/www.immobiliarecasani.it\/blog\/wp-content\/uploads\/2025\/02\/fotografia-casa9.webp","type":"image\/webp"}],"author":"redazione","twitter_card":"summary_large_image","twitter_misc":{"Scritto da":"redazione","Tempo di lettura stimato":"4 minuti"},"schema":{"@context":"https:\/\/schema.org","@graph":[{"@type":"WebPage","@id":"https:\/\/www.immobiliarecasani.it\/blog\/titolo-casa-vacanza-affittasi-tutto-quello-che-ce-da-sapere\/","url":"https:\/\/www.immobiliarecasani.it\/blog\/titolo-casa-vacanza-affittasi-tutto-quello-che-ce-da-sapere\/","name":"Casa vacanza affittasi: tutto quello che c\u2019\u00e8 da sapere - Immobiliare Casani | Propriet\u00e0 esclusive in Vendita in Versilia","isPartOf":{"@id":"https:\/\/www.immobiliarecasani.it\/blog\/#website"},"primaryImageOfPage":{"@id":"https:\/\/www.immobiliarecasani.it\/blog\/titolo-casa-vacanza-affittasi-tutto-quello-che-ce-da-sapere\/#primaryimage"},"image":{"@id":"https:\/\/www.immobiliarecasani.it\/blog\/titolo-casa-vacanza-affittasi-tutto-quello-che-ce-da-sapere\/#primaryimage"},"thumbnailUrl":"https:\/\/www.immobiliarecasani.it\/blog\/wp-content\/uploads\/2025\/02\/fotografia-casa9.webp","datePublished":"2024-12-10T15:57:28+00:00","dateModified":"2025-06-18T14:03:31+00:00","author":{"@id":"https:\/\/www.immobiliarecasani.it\/blog\/#\/schema\/person\/6dcab91ced0b4208769b25d73f4cc5d9"},"breadcrumb":{"@id":"https:\/\/www.immobiliarecasani.it\/blog\/titolo-casa-vacanza-affittasi-tutto-quello-che-ce-da-sapere\/#breadcrumb"},"inLanguage":"it-IT","potentialAction":[{"@type":"ReadAction","target":["https:\/\/www.immobiliarecasani.it\/blog\/titolo-casa-vacanza-affittasi-tutto-quello-che-ce-da-sapere\/"]}]},{"@type":"ImageObject","inLanguage":"it-IT","@id":"https:\/\/www.immobiliarecasani.it\/blog\/titolo-casa-vacanza-affittasi-tutto-quello-che-ce-da-sapere\/#primaryimage","url":"https:\/\/www.immobiliarecasani.it\/blog\/wp-content\/uploads\/2025\/02\/fotografia-casa9.webp","contentUrl":"https:\/\/www.immobiliarecasani.it\/blog\/wp-content\/uploads\/2025\/02\/fotografia-casa9.webp","width":750,"height":500,"caption":"Hai una casa da affittare?"},{"@type":"BreadcrumbList","@id":"https:\/\/www.immobiliarecasani.it\/blog\/titolo-casa-vacanza-affittasi-tutto-quello-che-ce-da-sapere\/#breadcrumb","itemListElement":[{"@type":"ListItem","position":1,"name":"Home","item":"https:\/\/www.immobiliarecasani.it\/blog\/"},{"@type":"ListItem","position":2,"name":"Casa vacanza affittasi: tutto quello che c\u2019\u00e8 da sapere"}]},{"@type":"WebSite","@id":"https:\/\/www.immobiliarecasani.it\/blog\/#website","url":"https:\/\/www.immobiliarecasani.it\/blog\/","name":"Immobiliare Casani | Propriet\u00e0 esclusive in Vendita in Versilia","description":"tutta un&#039;altra casa","potentialAction":[{"@type":"SearchAction","target":{"@type":"EntryPoint","urlTemplate":"https:\/\/www.immobiliarecasani.it\/blog\/?s={search_term_string}"},"query-input":{"@type":"PropertyValueSpecification","valueRequired":true,"valueName":"search_term_string"}}],"inLanguage":"it-IT"},{"@type":"Person","@id":"https:\/\/www.immobiliarecasani.it\/blog\/#\/schema\/person\/6dcab91ced0b4208769b25d73f4cc5d9","name":"redazione","image":{"@type":"ImageObject","inLanguage":"it-IT","@id":"https:\/\/www.immobiliarecasani.it\/blog\/#\/schema\/person\/image\/","url":"https:\/\/secure.gravatar.com\/avatar\/32bf9a2b6e7adbb403b69e51dbb6fe45110b35b0202aff9f833359ec0ac74f7e?s=96&d=mm&r=g","contentUrl":"https:\/\/secure.gravatar.com\/avatar\/32bf9a2b6e7adbb403b69e51dbb6fe45110b35b0202aff9f833359ec0ac74f7e?s=96&d=mm&r=g","caption":"redazione"},"sameAs":["https:\/\/www.immobiliarecasani.it\/blog"],"url":"https:\/\/www.immobiliarecasani.it\/blog\/author\/infoimmobiliarecasani-it\/"}]}},"_links":{"self":[{"href":"https:\/\/www.immobiliarecasani.it\/blog\/wp-json\/wp\/v2\/posts\/10","targetHints":{"allow":["GET"]}}],"collection":[{"href":"https:\/\/www.immobiliarecasani.it\/blog\/wp-json\/wp\/v2\/posts"}],"about":[{"href":"https:\/\/www.immobiliarecasani.it\/blog\/wp-json\/wp\/v2\/types\/post"}],"author":[{"embeddable":true,"href":"https:\/\/www.immobiliarecasani.it\/blog\/wp-json\/wp\/v2\/users\/1"}],"replies":[{"embeddable":true,"href":"https:\/\/www.immobiliarecasani.it\/blog\/wp-json\/wp\/v2\/comments?post=10"}],"version-history":[{"count":11,"href":"https:\/\/www.immobiliarecasani.it\/blog\/wp-json\/wp\/v2\/posts\/10\/revisions"}],"predecessor-version":[{"id":247,"href":"https:\/\/www.immobiliarecasani.it\/blog\/wp-json\/wp\/v2\/posts\/10\/revisions\/247"}],"wp:featuredmedia":[{"embeddable":true,"href":"https:\/\/www.immobiliarecasani.it\/blog\/wp-json\/wp\/v2\/media\/130"}],"wp:attachment":[{"href":"https:\/\/www.immobiliarecasani.it\/blog\/wp-json\/wp\/v2\/media?parent=10"}],"wp:term":[{"taxonomy":"category","embeddable":true,"href":"https:\/\/www.immobiliarecasani.it\/blog\/wp-json\/wp\/v2\/categories?post=10"},{"taxonomy":"post_tag","embeddable":true,"href":"https:\/\/www.immobiliarecasani.it\/blog\/wp-json\/wp\/v2\/tags?post=10"}],"curies":[{"name":"wp","href":"https:\/\/api.w.org\/{rel}","templated":true}]}}