{"id":228,"date":"2025-03-05T21:44:59","date_gmt":"2025-03-05T21:44:59","guid":{"rendered":"https:\/\/www.immobiliarecasani.it\/blog\/?p=228"},"modified":"2025-06-18T14:02:25","modified_gmt":"2025-06-18T14:02:25","slug":"carnevale-di-viareggio-2025-il-gran-finale-del-martedi-grasso","status":"publish","type":"post","link":"https:\/\/www.immobiliarecasani.it\/blog\/carnevale-di-viareggio-2025-il-gran-finale-del-martedi-grasso\/","title":{"rendered":"Carnevale di Viareggio 2025: Il Gran Finale del Marted\u00ec Grasso"},"content":{"rendered":"\n<p>Il sole di Viareggio, caldo e avvolgente, abbraccia la citt\u00e0 mentre la Passeggiata si trasforma in un palcoscenico straordinario per l&#8217;evento pi\u00f9 atteso dell&#8217;anno: il Carnevale. Ogni anno, la citt\u00e0 si anima di colori, suoni e risate, regalando a residenti e turisti un&#8217;esperienza che coinvolge tutti i sensi. Il Marted\u00ec Grasso 2025, con il suo corteo straordinario, ha concluso un&#8217;edizione che ha superato ogni aspettativa, portando la magia del Carnevale al suo apice.<\/p>\n\n\n\n<p>Come ogni anno, l\u2019appuntamento delle 15:00 \u00e8 stato segnato dai tre colpi di cannone che hanno dato inizio all\u2019ultima grande sfilata. I Viali a Mare sono stati invasi dai 9 carri di prima categoria, dai 4 di seconda e dalle coloratissime mascherate di gruppo e maschere isolate. Un tripudio di creativit\u00e0, fantasia e ironia, che ha incantato i presenti e ha fatto esplodere l\u2019entusiasmo di tutti i partecipanti. Il clima ideale, con il sole splendente e temperature miti, ha fatto s\u00ec che una folla numerosa si radunasse lungo la Passeggiata, vivendo un&#8217;esperienza di pura gioia.<\/p>\n\n\n\n<figure class=\"wp-block-gallery has-nested-images columns-default is-cropped wp-block-gallery-1 is-layout-flex wp-block-gallery-is-layout-flex\">\n<figure class=\"wp-block-image size-medium\"><img loading=\"lazy\" decoding=\"async\" width=\"300\" height=\"300\" data-id=\"230\" src=\"https:\/\/www.immobiliarecasani.it\/blog\/wp-content\/uploads\/2025\/03\/IMG_8754-1-300x300.jpg\" alt=\"la tempesta di Lebigre e Roger\" class=\"wp-image-230\" srcset=\"https:\/\/www.immobiliarecasani.it\/blog\/wp-content\/uploads\/2025\/03\/IMG_8754-1-300x300.jpg 300w, https:\/\/www.immobiliarecasani.it\/blog\/wp-content\/uploads\/2025\/03\/IMG_8754-1-1024x1024.jpg 1024w, https:\/\/www.immobiliarecasani.it\/blog\/wp-content\/uploads\/2025\/03\/IMG_8754-1-150x150.jpg 150w, https:\/\/www.immobiliarecasani.it\/blog\/wp-content\/uploads\/2025\/03\/IMG_8754-1-1536x1536.jpg 1536w, https:\/\/www.immobiliarecasani.it\/blog\/wp-content\/uploads\/2025\/03\/IMG_8754-1-2048x2048.jpg 2048w\" sizes=\"auto, (max-width: 300px) 100vw, 300px\" \/><\/figure>\n\n\n\n<figure class=\"wp-block-image size-medium\"><img loading=\"lazy\" decoding=\"async\" width=\"300\" height=\"300\" data-id=\"232\" src=\"https:\/\/www.immobiliarecasani.it\/blog\/wp-content\/uploads\/2025\/03\/IMG_8763-1-300x300.jpg\" alt=\"Social\nMassimo e Alessandro Breschi\" class=\"wp-image-232\" srcset=\"https:\/\/www.immobiliarecasani.it\/blog\/wp-content\/uploads\/2025\/03\/IMG_8763-1-300x300.jpg 300w, https:\/\/www.immobiliarecasani.it\/blog\/wp-content\/uploads\/2025\/03\/IMG_8763-1-1024x1024.jpg 1024w, https:\/\/www.immobiliarecasani.it\/blog\/wp-content\/uploads\/2025\/03\/IMG_8763-1-150x150.jpg 150w, https:\/\/www.immobiliarecasani.it\/blog\/wp-content\/uploads\/2025\/03\/IMG_8763-1-1536x1536.jpg 1536w, https:\/\/www.immobiliarecasani.it\/blog\/wp-content\/uploads\/2025\/03\/IMG_8763-1-2048x2048.jpg 2048w\" sizes=\"auto, (max-width: 300px) 100vw, 300px\" \/><\/figure>\n\n\n\n<figure class=\"wp-block-image size-large\"><img loading=\"lazy\" decoding=\"async\" width=\"1024\" height=\"1024\" data-id=\"231\" src=\"https:\/\/www.immobiliarecasani.it\/blog\/wp-content\/uploads\/2025\/03\/IMG_8775-1-1024x1024.jpg\" alt=\"Matteo Raciti\nNella frenetica societ\u00e0 della performance non abbiamo mai tempo. Come nevrotici e stressati bianconigli dobbiamo stare sempre al passo degli altri, vincere ad ogni costo, avere successo, apparire. La costante insoddisfazione ci spinge verso obiettivi spesso irraggiungibili, senza conoscere le nostre pi\u00f9 intime aspirazioni e ci\u00f2 che ci rende davvero felici!\" class=\"wp-image-231\" srcset=\"https:\/\/www.immobiliarecasani.it\/blog\/wp-content\/uploads\/2025\/03\/IMG_8775-1-1024x1024.jpg 1024w, https:\/\/www.immobiliarecasani.it\/blog\/wp-content\/uploads\/2025\/03\/IMG_8775-1-300x300.jpg 300w, https:\/\/www.immobiliarecasani.it\/blog\/wp-content\/uploads\/2025\/03\/IMG_8775-1-150x150.jpg 150w, https:\/\/www.immobiliarecasani.it\/blog\/wp-content\/uploads\/2025\/03\/IMG_8775-1-1536x1536.jpg 1536w, https:\/\/www.immobiliarecasani.it\/blog\/wp-content\/uploads\/2025\/03\/IMG_8775-1-2048x2048.jpg 2048w\" sizes=\"auto, (max-width: 1024px) 100vw, 1024px\" \/><\/figure>\n\n\n\n<figure class=\"wp-block-image size-large\"><img loading=\"lazy\" decoding=\"async\" width=\"1024\" height=\"1024\" data-id=\"234\" src=\"https:\/\/www.immobiliarecasani.it\/blog\/wp-content\/uploads\/2025\/03\/IMG_8777-1-1024x1024.jpg\" alt=\"Nuova generazione\u2026 balliamo sul mondo\nRoberto Vannucci\" class=\"wp-image-234\" srcset=\"https:\/\/www.immobiliarecasani.it\/blog\/wp-content\/uploads\/2025\/03\/IMG_8777-1-1024x1024.jpg 1024w, https:\/\/www.immobiliarecasani.it\/blog\/wp-content\/uploads\/2025\/03\/IMG_8777-1-300x300.jpg 300w, https:\/\/www.immobiliarecasani.it\/blog\/wp-content\/uploads\/2025\/03\/IMG_8777-1-150x150.jpg 150w, https:\/\/www.immobiliarecasani.it\/blog\/wp-content\/uploads\/2025\/03\/IMG_8777-1-1536x1536.jpg 1536w, https:\/\/www.immobiliarecasani.it\/blog\/wp-content\/uploads\/2025\/03\/IMG_8777-1-2048x2048.jpg 2048w\" sizes=\"auto, (max-width: 1024px) 100vw, 1024px\" \/><\/figure>\n\n\n\n<figure class=\"wp-block-image size-large\"><img loading=\"lazy\" decoding=\"async\" width=\"1024\" height=\"1024\" data-id=\"233\" src=\"https:\/\/www.immobiliarecasani.it\/blog\/wp-content\/uploads\/2025\/03\/IMG_8782-1-1024x1024.jpg\" alt=\"Come tu mi vuoi\nUmberto, Stefano, Michele e Jacopo Cinquini\" class=\"wp-image-233\" srcset=\"https:\/\/www.immobiliarecasani.it\/blog\/wp-content\/uploads\/2025\/03\/IMG_8782-1-1024x1024.jpg 1024w, https:\/\/www.immobiliarecasani.it\/blog\/wp-content\/uploads\/2025\/03\/IMG_8782-1-300x300.jpg 300w, https:\/\/www.immobiliarecasani.it\/blog\/wp-content\/uploads\/2025\/03\/IMG_8782-1-150x150.jpg 150w, https:\/\/www.immobiliarecasani.it\/blog\/wp-content\/uploads\/2025\/03\/IMG_8782-1-1536x1536.jpg 1536w, https:\/\/www.immobiliarecasani.it\/blog\/wp-content\/uploads\/2025\/03\/IMG_8782-1-2048x2048.jpg 2048w\" sizes=\"auto, (max-width: 1024px) 100vw, 1024px\" \/><\/figure>\n\n\n\n<figure class=\"wp-block-image size-large\"><img loading=\"lazy\" decoding=\"async\" width=\"1024\" height=\"1024\" data-id=\"236\" src=\"https:\/\/www.immobiliarecasani.it\/blog\/wp-content\/uploads\/2025\/03\/IMG_8784-1-1024x1024.jpg\" alt=\"La grande condottiera\nLuca Bertozzi\nMaria De Filippi \u00e8 la regina incontrastata per audience e gradimento. La sua capacit\u00e0 di guidare le tendenze e influenzare il gusto del pubblico fanno di lei \u201cla Grande Condottiera\u201d. E\u2019 la Giovanna d\u2019Arco dei nostri tempi, una leader innovativa che con il suo esercito di star e grotteschi personaggi, conquista e difende il Regno del Biscione. \" class=\"wp-image-236\" srcset=\"https:\/\/www.immobiliarecasani.it\/blog\/wp-content\/uploads\/2025\/03\/IMG_8784-1-1024x1024.jpg 1024w, https:\/\/www.immobiliarecasani.it\/blog\/wp-content\/uploads\/2025\/03\/IMG_8784-1-300x300.jpg 300w, https:\/\/www.immobiliarecasani.it\/blog\/wp-content\/uploads\/2025\/03\/IMG_8784-1-150x150.jpg 150w, https:\/\/www.immobiliarecasani.it\/blog\/wp-content\/uploads\/2025\/03\/IMG_8784-1-1536x1536.jpg 1536w, https:\/\/www.immobiliarecasani.it\/blog\/wp-content\/uploads\/2025\/03\/IMG_8784-1-2048x2048.jpg 2048w\" sizes=\"auto, (max-width: 1024px) 100vw, 1024px\" \/><\/figure>\n\n\n\n<figure class=\"wp-block-image size-large\"><img loading=\"lazy\" decoding=\"async\" width=\"1024\" height=\"1024\" data-id=\"235\" src=\"https:\/\/www.immobiliarecasani.it\/blog\/wp-content\/uploads\/2025\/03\/IMG_8787-1-1024x1024.jpg\" alt=\"Il mostro ha paura\nJacopo Allegrucci\nAttraverso il mostro, raccontato nel romanzo gotico e fantascientifico \u201cFrankenstein\u201d di Mary Shelley, il costruttore affronta il tema della diversit\u00e0, per cercare di abbattere quel muro \u201cche si intromette tra noi e la meraviglia dell\u2019ignoto\u201d, perch\u00e9 \u201cci\u00f2 che rende il mondo bello \u00e8 il fatto che siamo tutti diversi\u201d. \" class=\"wp-image-235\" srcset=\"https:\/\/www.immobiliarecasani.it\/blog\/wp-content\/uploads\/2025\/03\/IMG_8787-1-1024x1024.jpg 1024w, https:\/\/www.immobiliarecasani.it\/blog\/wp-content\/uploads\/2025\/03\/IMG_8787-1-300x300.jpg 300w, https:\/\/www.immobiliarecasani.it\/blog\/wp-content\/uploads\/2025\/03\/IMG_8787-1-150x150.jpg 150w, https:\/\/www.immobiliarecasani.it\/blog\/wp-content\/uploads\/2025\/03\/IMG_8787-1-1536x1536.jpg 1536w, https:\/\/www.immobiliarecasani.it\/blog\/wp-content\/uploads\/2025\/03\/IMG_8787-1-2048x2048.jpg 2048w\" sizes=\"auto, (max-width: 1024px) 100vw, 1024px\" \/><\/figure>\n\n\n\n<figure class=\"wp-block-image size-large\"><img loading=\"lazy\" decoding=\"async\" width=\"1024\" height=\"1024\" data-id=\"229\" src=\"https:\/\/www.immobiliarecasani.it\/blog\/wp-content\/uploads\/2025\/03\/IMG_8790-1-1024x1024.jpg\" alt=\"Alessandro Avanzini\nTrent'anni di governi pi\u00f9 o meno colorati con la nascita della seconda Repubblica: dall'azzurro al rosso-stinto, dal giallo-rosso al giallo-verde, dal grigio fino al nero. Tante ambizioni di riforma del Paese, con una caratteristica principale: il rafforzamento autoreferenziale del potere politico. Apice della parabola, il premierato a vocazione populista del Presidente Meloni rappresenta la principale sfida per la Costituzione Italiana\" class=\"wp-image-229\" srcset=\"https:\/\/www.immobiliarecasani.it\/blog\/wp-content\/uploads\/2025\/03\/IMG_8790-1-1024x1024.jpg 1024w, https:\/\/www.immobiliarecasani.it\/blog\/wp-content\/uploads\/2025\/03\/IMG_8790-1-300x300.jpg 300w, https:\/\/www.immobiliarecasani.it\/blog\/wp-content\/uploads\/2025\/03\/IMG_8790-1-150x150.jpg 150w, https:\/\/www.immobiliarecasani.it\/blog\/wp-content\/uploads\/2025\/03\/IMG_8790-1-1536x1536.jpg 1536w, https:\/\/www.immobiliarecasani.it\/blog\/wp-content\/uploads\/2025\/03\/IMG_8790-1-2048x2048.jpg 2048w\" sizes=\"auto, (max-width: 1024px) 100vw, 1024px\" \/><\/figure>\n<\/figure>\n\n\n\n<p>Al termine del corso, la giuria ha svelato i verdetti tanto attesi. Il primo posto \u00e8 andato a &#8220;Sic transit gloria mundi&#8221; di Carlo e Lorenzo Lombardi, un carro che ha colpito per la sua profondit\u00e0 e bellezza. Seguito da &#8220;Il mostro ha paura&#8221; di Jacopo Allegrucci, e &#8220;Come tu mi vuoi&#8221; di Umberto, Stefano, Michele e Jacopo Cinquini. In seconda categoria, il vincitore \u00e8 stato Matteo Raciti con &#8220;\u00c8 tardi. \u00c8 tardi. \u00c8 tardi.&#8221;<\/p>\n\n\n\n<h3 class=\"wp-block-heading\">La chiusura della 152\u00aa edizione del Carnevale<\/h3>\n\n\n\n<p>La serata si \u00e8 conclusa in grande stile con uno spettacolo pirotecnico che ha illuminato il cielo di Viareggio. Le scintille hanno dipinto il cielo sopra il mare, mentre la citt\u00e0 si lasciava travolgere da un&#8217;emozione collettiva che non si dimentica facilmente. Un&#8217;ultima esplosione di colori e luci che ha coronato un evento straordinario.<\/p>\n\n\n\n<p>Il Carnevale di Viareggio non \u00e8 solo una festa che coinvolge la citt\u00e0, ma \u00e8 anche un momento di condivisione che rafforza il legame tra la comunit\u00e0 e il territorio. Ogni edizione \u00e8 un\u2019occasione unica per riscoprire la bellezza della citt\u00e0, i suoi luoghi storici, le tradizioni e la sua capacit\u00e0 di reinventarsi ogni anno. Viareggio, con il suo calore, il suo spirito di accoglienza e la sua incredibile energia, continua a essere un punto di riferimento per chi cerca un Carnevale che sa emozionare e far sognare.<\/p>\n\n\n\n<p>Con l&#8217;ultimo raggio di sole che tramonta sulla Passeggiata, Viareggio si prepara gi\u00e0 a regalare nuove emozioni nel 2026, sicura che il suo Carnevale, con il suo spirito unico, continuer\u00e0 a sorprendere e a incantare chiunque varcher\u00e0 le sue strade.<\/p>\n","protected":false},"excerpt":{"rendered":"<p>Il Marted\u00ec Grasso 2025, con il suo corteo straordinario, ha concluso un\u2019edizione che ha superato ogni aspettativa, portando la magia del Carnevale al suo apice.<\/p>\n<p> <a class=\"more-link\" href=\"https:\/\/www.immobiliarecasani.it\/blog\/carnevale-di-viareggio-2025-il-gran-finale-del-martedi-grasso\/\">Leggi tutto<\/a><\/p>","protected":false},"author":1,"featured_media":242,"comment_status":"open","ping_status":"open","sticky":false,"template":"","format":"standard","meta":{"footnotes":""},"categories":[31],"tags":[20],"class_list":{"0":"post-228","1":"post","2":"type-post","3":"status-publish","4":"format-standard","5":"has-post-thumbnail","7":"category-vivere-la-versilia","8":"tag-carnevalediviareggio"},"yoast_head":"<!-- This site is optimized with the Yoast SEO plugin v24.6 - https:\/\/yoast.com\/wordpress\/plugins\/seo\/ -->\n<title>Carnevale di Viareggio 2025: Il Gran Finale del Marted\u00ec Grasso - Immobiliare Casani | Propriet\u00e0 esclusive in Vendita in Versilia<\/title>\n<meta name=\"robots\" content=\"index, follow, max-snippet:-1, max-image-preview:large, max-video-preview:-1\" \/>\n<link rel=\"canonical\" href=\"https:\/\/www.immobiliarecasani.it\/blog\/carnevale-di-viareggio-2025-il-gran-finale-del-martedi-grasso\/\" \/>\n<meta property=\"og:locale\" content=\"it_IT\" \/>\n<meta property=\"og:type\" content=\"article\" \/>\n<meta property=\"og:title\" content=\"Carnevale di Viareggio 2025: Il Gran Finale del Marted\u00ec Grasso - Immobiliare Casani | Propriet\u00e0 esclusive in Vendita in Versilia\" \/>\n<meta property=\"og:description\" content=\"Il Marted\u00ec Grasso 2025, con il suo corteo straordinario, ha concluso un\u2019edizione che ha superato ogni aspettativa, portando la magia del Carnevale al suo apice.\" \/>\n<meta property=\"og:url\" content=\"https:\/\/www.immobiliarecasani.it\/blog\/carnevale-di-viareggio-2025-il-gran-finale-del-martedi-grasso\/\" \/>\n<meta property=\"og:site_name\" content=\"Immobiliare Casani | Propriet\u00e0 esclusive in Vendita in Versilia\" \/>\n<meta property=\"article:published_time\" content=\"2025-03-05T21:44:59+00:00\" \/>\n<meta property=\"article:modified_time\" content=\"2025-06-18T14:02:25+00:00\" \/>\n<meta property=\"og:image\" content=\"https:\/\/www.immobiliarecasani.it\/blog\/wp-content\/uploads\/2025\/03\/IMG_8754-4-scaled-e1741212233562.jpg\" \/>\n\t<meta property=\"og:image:width\" content=\"1920\" \/>\n\t<meta property=\"og:image:height\" content=\"1715\" \/>\n\t<meta property=\"og:image:type\" content=\"image\/jpeg\" \/>\n<meta name=\"author\" content=\"redazione\" \/>\n<meta name=\"twitter:card\" content=\"summary_large_image\" \/>\n<meta name=\"twitter:label1\" content=\"Scritto da\" \/>\n\t<meta name=\"twitter:data1\" content=\"redazione\" \/>\n\t<meta name=\"twitter:label2\" content=\"Tempo di lettura stimato\" \/>\n\t<meta name=\"twitter:data2\" content=\"5 minuti\" \/>\n<script type=\"application\/ld+json\" class=\"yoast-schema-graph\">{\"@context\":\"https:\/\/schema.org\",\"@graph\":[{\"@type\":\"WebPage\",\"@id\":\"https:\/\/www.immobiliarecasani.it\/blog\/carnevale-di-viareggio-2025-il-gran-finale-del-martedi-grasso\/\",\"url\":\"https:\/\/www.immobiliarecasani.it\/blog\/carnevale-di-viareggio-2025-il-gran-finale-del-martedi-grasso\/\",\"name\":\"Carnevale di Viareggio 2025: Il Gran Finale del Marted\u00ec Grasso - Immobiliare Casani | Propriet\u00e0 esclusive in Vendita in Versilia\",\"isPartOf\":{\"@id\":\"https:\/\/www.immobiliarecasani.it\/blog\/#website\"},\"primaryImageOfPage\":{\"@id\":\"https:\/\/www.immobiliarecasani.it\/blog\/carnevale-di-viareggio-2025-il-gran-finale-del-martedi-grasso\/#primaryimage\"},\"image\":{\"@id\":\"https:\/\/www.immobiliarecasani.it\/blog\/carnevale-di-viareggio-2025-il-gran-finale-del-martedi-grasso\/#primaryimage\"},\"thumbnailUrl\":\"https:\/\/www.immobiliarecasani.it\/blog\/wp-content\/uploads\/2025\/03\/IMG_8754-4-scaled-e1741212233562.jpg\",\"datePublished\":\"2025-03-05T21:44:59+00:00\",\"dateModified\":\"2025-06-18T14:02:25+00:00\",\"author\":{\"@id\":\"https:\/\/www.immobiliarecasani.it\/blog\/#\/schema\/person\/6dcab91ced0b4208769b25d73f4cc5d9\"},\"breadcrumb\":{\"@id\":\"https:\/\/www.immobiliarecasani.it\/blog\/carnevale-di-viareggio-2025-il-gran-finale-del-martedi-grasso\/#breadcrumb\"},\"inLanguage\":\"it-IT\",\"potentialAction\":[{\"@type\":\"ReadAction\",\"target\":[\"https:\/\/www.immobiliarecasani.it\/blog\/carnevale-di-viareggio-2025-il-gran-finale-del-martedi-grasso\/\"]}]},{\"@type\":\"ImageObject\",\"inLanguage\":\"it-IT\",\"@id\":\"https:\/\/www.immobiliarecasani.it\/blog\/carnevale-di-viareggio-2025-il-gran-finale-del-martedi-grasso\/#primaryimage\",\"url\":\"https:\/\/www.immobiliarecasani.it\/blog\/wp-content\/uploads\/2025\/03\/IMG_8754-4-scaled-e1741212233562.jpg\",\"contentUrl\":\"https:\/\/www.immobiliarecasani.it\/blog\/wp-content\/uploads\/2025\/03\/IMG_8754-4-scaled-e1741212233562.jpg\",\"width\":1920,\"height\":1715,\"caption\":\"Carnevale di Viareggio 2025 - La tempesta Lebigre e Roger\"},{\"@type\":\"BreadcrumbList\",\"@id\":\"https:\/\/www.immobiliarecasani.it\/blog\/carnevale-di-viareggio-2025-il-gran-finale-del-martedi-grasso\/#breadcrumb\",\"itemListElement\":[{\"@type\":\"ListItem\",\"position\":1,\"name\":\"Home\",\"item\":\"https:\/\/www.immobiliarecasani.it\/blog\/\"},{\"@type\":\"ListItem\",\"position\":2,\"name\":\"Carnevale di Viareggio 2025: Il Gran Finale del Marted\u00ec Grasso\"}]},{\"@type\":\"WebSite\",\"@id\":\"https:\/\/www.immobiliarecasani.it\/blog\/#website\",\"url\":\"https:\/\/www.immobiliarecasani.it\/blog\/\",\"name\":\"Immobiliare Casani | Propriet\u00e0 esclusive in Vendita in Versilia\",\"description\":\"tutta un&#039;altra casa\",\"potentialAction\":[{\"@type\":\"SearchAction\",\"target\":{\"@type\":\"EntryPoint\",\"urlTemplate\":\"https:\/\/www.immobiliarecasani.it\/blog\/?s={search_term_string}\"},\"query-input\":{\"@type\":\"PropertyValueSpecification\",\"valueRequired\":true,\"valueName\":\"search_term_string\"}}],\"inLanguage\":\"it-IT\"},{\"@type\":\"Person\",\"@id\":\"https:\/\/www.immobiliarecasani.it\/blog\/#\/schema\/person\/6dcab91ced0b4208769b25d73f4cc5d9\",\"name\":\"redazione\",\"image\":{\"@type\":\"ImageObject\",\"inLanguage\":\"it-IT\",\"@id\":\"https:\/\/www.immobiliarecasani.it\/blog\/#\/schema\/person\/image\/\",\"url\":\"https:\/\/secure.gravatar.com\/avatar\/32bf9a2b6e7adbb403b69e51dbb6fe45110b35b0202aff9f833359ec0ac74f7e?s=96&d=mm&r=g\",\"contentUrl\":\"https:\/\/secure.gravatar.com\/avatar\/32bf9a2b6e7adbb403b69e51dbb6fe45110b35b0202aff9f833359ec0ac74f7e?s=96&d=mm&r=g\",\"caption\":\"redazione\"},\"sameAs\":[\"https:\/\/www.immobiliarecasani.it\/blog\"],\"url\":\"https:\/\/www.immobiliarecasani.it\/blog\/author\/infoimmobiliarecasani-it\/\"}]}<\/script>\n<!-- \/ Yoast SEO plugin. -->","yoast_head_json":{"title":"Carnevale di Viareggio 2025: Il Gran Finale del Marted\u00ec Grasso - Immobiliare Casani | Propriet\u00e0 esclusive in Vendita in Versilia","robots":{"index":"index","follow":"follow","max-snippet":"max-snippet:-1","max-image-preview":"max-image-preview:large","max-video-preview":"max-video-preview:-1"},"canonical":"https:\/\/www.immobiliarecasani.it\/blog\/carnevale-di-viareggio-2025-il-gran-finale-del-martedi-grasso\/","og_locale":"it_IT","og_type":"article","og_title":"Carnevale di Viareggio 2025: Il Gran Finale del Marted\u00ec Grasso - Immobiliare Casani | Propriet\u00e0 esclusive in Vendita in Versilia","og_description":"Il Marted\u00ec Grasso 2025, con il suo corteo straordinario, ha concluso un\u2019edizione che ha superato ogni aspettativa, portando la magia del Carnevale al suo apice.","og_url":"https:\/\/www.immobiliarecasani.it\/blog\/carnevale-di-viareggio-2025-il-gran-finale-del-martedi-grasso\/","og_site_name":"Immobiliare Casani | Propriet\u00e0 esclusive in Vendita in Versilia","article_published_time":"2025-03-05T21:44:59+00:00","article_modified_time":"2025-06-18T14:02:25+00:00","og_image":[{"width":1920,"height":1715,"url":"https:\/\/www.immobiliarecasani.it\/blog\/wp-content\/uploads\/2025\/03\/IMG_8754-4-scaled-e1741212233562.jpg","type":"image\/jpeg"}],"author":"redazione","twitter_card":"summary_large_image","twitter_misc":{"Scritto da":"redazione","Tempo di lettura stimato":"5 minuti"},"schema":{"@context":"https:\/\/schema.org","@graph":[{"@type":"WebPage","@id":"https:\/\/www.immobiliarecasani.it\/blog\/carnevale-di-viareggio-2025-il-gran-finale-del-martedi-grasso\/","url":"https:\/\/www.immobiliarecasani.it\/blog\/carnevale-di-viareggio-2025-il-gran-finale-del-martedi-grasso\/","name":"Carnevale di Viareggio 2025: Il Gran Finale del Marted\u00ec Grasso - Immobiliare Casani | Propriet\u00e0 esclusive in Vendita in Versilia","isPartOf":{"@id":"https:\/\/www.immobiliarecasani.it\/blog\/#website"},"primaryImageOfPage":{"@id":"https:\/\/www.immobiliarecasani.it\/blog\/carnevale-di-viareggio-2025-il-gran-finale-del-martedi-grasso\/#primaryimage"},"image":{"@id":"https:\/\/www.immobiliarecasani.it\/blog\/carnevale-di-viareggio-2025-il-gran-finale-del-martedi-grasso\/#primaryimage"},"thumbnailUrl":"https:\/\/www.immobiliarecasani.it\/blog\/wp-content\/uploads\/2025\/03\/IMG_8754-4-scaled-e1741212233562.jpg","datePublished":"2025-03-05T21:44:59+00:00","dateModified":"2025-06-18T14:02:25+00:00","author":{"@id":"https:\/\/www.immobiliarecasani.it\/blog\/#\/schema\/person\/6dcab91ced0b4208769b25d73f4cc5d9"},"breadcrumb":{"@id":"https:\/\/www.immobiliarecasani.it\/blog\/carnevale-di-viareggio-2025-il-gran-finale-del-martedi-grasso\/#breadcrumb"},"inLanguage":"it-IT","potentialAction":[{"@type":"ReadAction","target":["https:\/\/www.immobiliarecasani.it\/blog\/carnevale-di-viareggio-2025-il-gran-finale-del-martedi-grasso\/"]}]},{"@type":"ImageObject","inLanguage":"it-IT","@id":"https:\/\/www.immobiliarecasani.it\/blog\/carnevale-di-viareggio-2025-il-gran-finale-del-martedi-grasso\/#primaryimage","url":"https:\/\/www.immobiliarecasani.it\/blog\/wp-content\/uploads\/2025\/03\/IMG_8754-4-scaled-e1741212233562.jpg","contentUrl":"https:\/\/www.immobiliarecasani.it\/blog\/wp-content\/uploads\/2025\/03\/IMG_8754-4-scaled-e1741212233562.jpg","width":1920,"height":1715,"caption":"Carnevale di Viareggio 2025 - La tempesta Lebigre e Roger"},{"@type":"BreadcrumbList","@id":"https:\/\/www.immobiliarecasani.it\/blog\/carnevale-di-viareggio-2025-il-gran-finale-del-martedi-grasso\/#breadcrumb","itemListElement":[{"@type":"ListItem","position":1,"name":"Home","item":"https:\/\/www.immobiliarecasani.it\/blog\/"},{"@type":"ListItem","position":2,"name":"Carnevale di Viareggio 2025: Il Gran Finale del Marted\u00ec Grasso"}]},{"@type":"WebSite","@id":"https:\/\/www.immobiliarecasani.it\/blog\/#website","url":"https:\/\/www.immobiliarecasani.it\/blog\/","name":"Immobiliare Casani | Propriet\u00e0 esclusive in Vendita in Versilia","description":"tutta un&#039;altra casa","potentialAction":[{"@type":"SearchAction","target":{"@type":"EntryPoint","urlTemplate":"https:\/\/www.immobiliarecasani.it\/blog\/?s={search_term_string}"},"query-input":{"@type":"PropertyValueSpecification","valueRequired":true,"valueName":"search_term_string"}}],"inLanguage":"it-IT"},{"@type":"Person","@id":"https:\/\/www.immobiliarecasani.it\/blog\/#\/schema\/person\/6dcab91ced0b4208769b25d73f4cc5d9","name":"redazione","image":{"@type":"ImageObject","inLanguage":"it-IT","@id":"https:\/\/www.immobiliarecasani.it\/blog\/#\/schema\/person\/image\/","url":"https:\/\/secure.gravatar.com\/avatar\/32bf9a2b6e7adbb403b69e51dbb6fe45110b35b0202aff9f833359ec0ac74f7e?s=96&d=mm&r=g","contentUrl":"https:\/\/secure.gravatar.com\/avatar\/32bf9a2b6e7adbb403b69e51dbb6fe45110b35b0202aff9f833359ec0ac74f7e?s=96&d=mm&r=g","caption":"redazione"},"sameAs":["https:\/\/www.immobiliarecasani.it\/blog"],"url":"https:\/\/www.immobiliarecasani.it\/blog\/author\/infoimmobiliarecasani-it\/"}]}},"_links":{"self":[{"href":"https:\/\/www.immobiliarecasani.it\/blog\/wp-json\/wp\/v2\/posts\/228","targetHints":{"allow":["GET"]}}],"collection":[{"href":"https:\/\/www.immobiliarecasani.it\/blog\/wp-json\/wp\/v2\/posts"}],"about":[{"href":"https:\/\/www.immobiliarecasani.it\/blog\/wp-json\/wp\/v2\/types\/post"}],"author":[{"embeddable":true,"href":"https:\/\/www.immobiliarecasani.it\/blog\/wp-json\/wp\/v2\/users\/1"}],"replies":[{"embeddable":true,"href":"https:\/\/www.immobiliarecasani.it\/blog\/wp-json\/wp\/v2\/comments?post=228"}],"version-history":[{"count":4,"href":"https:\/\/www.immobiliarecasani.it\/blog\/wp-json\/wp\/v2\/posts\/228\/revisions"}],"predecessor-version":[{"id":261,"href":"https:\/\/www.immobiliarecasani.it\/blog\/wp-json\/wp\/v2\/posts\/228\/revisions\/261"}],"wp:featuredmedia":[{"embeddable":true,"href":"https:\/\/www.immobiliarecasani.it\/blog\/wp-json\/wp\/v2\/media\/242"}],"wp:attachment":[{"href":"https:\/\/www.immobiliarecasani.it\/blog\/wp-json\/wp\/v2\/media?parent=228"}],"wp:term":[{"taxonomy":"category","embeddable":true,"href":"https:\/\/www.immobiliarecasani.it\/blog\/wp-json\/wp\/v2\/categories?post=228"},{"taxonomy":"post_tag","embeddable":true,"href":"https:\/\/www.immobiliarecasani.it\/blog\/wp-json\/wp\/v2\/tags?post=228"}],"curies":[{"name":"wp","href":"https:\/\/api.w.org\/{rel}","templated":true}]}}