{"id":29,"date":"2024-01-05T17:04:00","date_gmt":"2024-01-05T17:04:00","guid":{"rendered":"https:\/\/www.immobiliarecasani.it\/blog\/?p=29"},"modified":"2025-06-18T14:05:12","modified_gmt":"2025-06-18T14:05:12","slug":"affitti-in-italia-nel-terzo-semestre-2023-lanalisi-di-idealista","status":"publish","type":"post","link":"https:\/\/www.immobiliarecasani.it\/blog\/affitti-in-italia-nel-terzo-semestre-2023-lanalisi-di-idealista\/","title":{"rendered":"Affitti in Italia nel Terzo Semestre 2023: l&#8217;analisi di Idealista"},"content":{"rendered":"\n<h2 class=\"wp-block-heading\">Tra i primi 20 posti molte le localit\u00e0 della Versilia<\/h2>\n\n\n\n<p>Oggi 5 gennaio \u00e8 uscito un articolo sul Tirreno sulla nostra Versilia e sul mercato immobiliare. L&#8217;articolo commenta un&nbsp;<a href=\"https:\/\/www.idealista.it\/news\/immobiliare\/residenziale\/2023\/10\/25\/176265-le-localita-piu-care-e-richieste-d-italia-per-affittare-casa-nel-iii-trimestre#:~:text=Secondo%20l%27indice%20di%20domanda,Padova%20(37%2C1)\">post di idealista<\/a>&nbsp;che rileva i comuni pi\u00f9 cari d&#8217;Italia per il mercato degli affitti.<\/p>\n\n\n\n<p>Il terzo semestre del 2023 ha portato un&#8217;impennata del 13,1% negli affitti in Italia, un aumento significativo che ha attirato l&#8217;attenzione di Idealista\/Data, il&nbsp;<a href=\"https:\/\/www.idealista.it\/pro\/immobiliare-casani\/\">portale immobiliare<\/a>&nbsp;molto frequentato dai nostri clienti e dove potete trovare anche l\u00ec alcune delle nostre offerte immobiliari.<\/p>\n\n\n\n<p>In questo articolo idealista esplora da vicino i dettagli del report facendo una lista delle localit\u00e0 pi\u00f9 ambite e costose per l&#8217;affitto residenziale. Attraverso questa indagine dettagliata, \u00e8 stato possibile stilare una classifica dei 100 Comuni che hanno generato il maggior interesse, misurato tramite l&#8217;indice di domanda relativa, e quelli in cui la media del canone di locazione \u00e8 risultata pi\u00f9 elevata.<\/p>\n\n\n\n<p>La nostra amata Versilia appare in questa classifica gi\u00e0 nei primi posti e scorrendo si potr\u00e0 torvare Viareggio, Camaiore, Pietrasanta e ovviamente Forte dei Marmi.<\/p>\n\n\n\n<p>Forte dei Marmi infatti che si conferma come il Comune pi\u00f9 costoso d&#8217;Italia sia per l&#8217;affitto che per l&#8217;acquisto di una casa nel terzo trimestre 2023, mantenendo la posizione di vertice gi\u00e0 occupata nel trimestre precedente. Affittare una propriet\u00e0 residenziale a Forte dei Marmi richiede mediamente 5.899 euro al mese, confermando la sua esclusivit\u00e0 e il prestigio associato a questa localit\u00e0 della Versilia.<\/p>\n\n\n\n<h3 class=\"wp-block-heading\"><strong>Dall&#8217;articolo del Tirreno si legge<\/strong><\/h3>\n\n\n\n<p>&#8220;<em>Se Forte dei Marmi e Pietrasanta, comunque, non sembrano essere una sorpresa, l&#8217;ottavo posto di Camaiore con 1.622 euro al mese rappresenta del tutto una novit\u00e0. Che, a quanto pare, riesce ancora a soddisfare le esigenze eil portafoglio di tutti. \u00abCamaiore ha due offerte turistiche diverse, il mare e la collina-spiega Simone Casani, titolare di Immobiliare Casani a Camaiore e membro della Fiaip(Federazione degli agenti immobiliari professionali). \u00abEntrambe propongono delle soluzioni che possono accontentare igusti di tutti, basta capire qual \u00e8 la propria disponibilit\u00e0 economica e il livello di comfort del quale si vuole usufruire<\/em>&#8220;.<\/p>\n\n\n\n<p>Se vuoi ricevere altre informazioni sul mercato immobiliare <strong><a href=\"info@immobiliarecasani.it\">contattami<\/a><\/strong>!<\/p>\n","protected":false},"excerpt":{"rendered":"<p>Tra i primi 20 posti molte le localit\u00e0 della Versilia, nell&#8217;analisi pubblicata da Idealista e ripresa dal Tirreno.<\/p>\n<p> <a class=\"more-link\" href=\"https:\/\/www.immobiliarecasani.it\/blog\/affitti-in-italia-nel-terzo-semestre-2023-lanalisi-di-idealista\/\">Leggi tutto<\/a><\/p>","protected":false},"author":1,"featured_media":171,"comment_status":"open","ping_status":"open","sticky":false,"template":"","format":"standard","meta":{"footnotes":""},"categories":[16],"tags":[],"class_list":{"0":"post-29","1":"post","2":"type-post","3":"status-publish","4":"format-standard","5":"has-post-thumbnail","7":"category-normative-mercato"},"yoast_head":"<!-- This site is optimized with the Yoast SEO plugin v24.6 - https:\/\/yoast.com\/wordpress\/plugins\/seo\/ -->\n<title>Affitti in Italia nel Terzo Semestre 2023: l&#039;analisi di Idealista - Immobiliare Casani | Propriet\u00e0 esclusive in Vendita in Versilia<\/title>\n<meta name=\"robots\" content=\"index, follow, max-snippet:-1, max-image-preview:large, max-video-preview:-1\" \/>\n<link rel=\"canonical\" href=\"https:\/\/www.immobiliarecasani.it\/blog\/affitti-in-italia-nel-terzo-semestre-2023-lanalisi-di-idealista\/\" \/>\n<meta property=\"og:locale\" content=\"it_IT\" \/>\n<meta property=\"og:type\" content=\"article\" \/>\n<meta property=\"og:title\" content=\"Affitti in Italia nel Terzo Semestre 2023: l&#039;analisi di Idealista - Immobiliare Casani | Propriet\u00e0 esclusive in Vendita in Versilia\" \/>\n<meta property=\"og:description\" content=\"Tra i primi 20 posti molte le localit\u00e0 della Versilia, nell&#039;analisi pubblicata da Idealista e ripresa dal Tirreno.\" \/>\n<meta property=\"og:url\" content=\"https:\/\/www.immobiliarecasani.it\/blog\/affitti-in-italia-nel-terzo-semestre-2023-lanalisi-di-idealista\/\" \/>\n<meta property=\"og:site_name\" content=\"Immobiliare Casani | Propriet\u00e0 esclusive in Vendita in Versilia\" \/>\n<meta property=\"article:published_time\" content=\"2024-01-05T17:04:00+00:00\" \/>\n<meta property=\"article:modified_time\" content=\"2025-06-18T14:05:12+00:00\" \/>\n<meta property=\"og:image\" content=\"https:\/\/www.immobiliarecasani.it\/blog\/wp-content\/uploads\/2024\/01\/house-1353389_1280.jpg\" \/>\n\t<meta property=\"og:image:width\" content=\"1280\" \/>\n\t<meta property=\"og:image:height\" content=\"853\" \/>\n\t<meta property=\"og:image:type\" content=\"image\/jpeg\" \/>\n<meta name=\"author\" content=\"redazione\" \/>\n<meta name=\"twitter:card\" content=\"summary_large_image\" \/>\n<meta name=\"twitter:label1\" content=\"Scritto da\" \/>\n\t<meta name=\"twitter:data1\" content=\"redazione\" \/>\n\t<meta name=\"twitter:label2\" content=\"Tempo di lettura stimato\" \/>\n\t<meta name=\"twitter:data2\" content=\"3 minuti\" \/>\n<script type=\"application\/ld+json\" class=\"yoast-schema-graph\">{\"@context\":\"https:\/\/schema.org\",\"@graph\":[{\"@type\":\"WebPage\",\"@id\":\"https:\/\/www.immobiliarecasani.it\/blog\/affitti-in-italia-nel-terzo-semestre-2023-lanalisi-di-idealista\/\",\"url\":\"https:\/\/www.immobiliarecasani.it\/blog\/affitti-in-italia-nel-terzo-semestre-2023-lanalisi-di-idealista\/\",\"name\":\"Affitti in Italia nel Terzo Semestre 2023: l'analisi di Idealista - Immobiliare Casani | Propriet\u00e0 esclusive in Vendita in Versilia\",\"isPartOf\":{\"@id\":\"https:\/\/www.immobiliarecasani.it\/blog\/#website\"},\"primaryImageOfPage\":{\"@id\":\"https:\/\/www.immobiliarecasani.it\/blog\/affitti-in-italia-nel-terzo-semestre-2023-lanalisi-di-idealista\/#primaryimage\"},\"image\":{\"@id\":\"https:\/\/www.immobiliarecasani.it\/blog\/affitti-in-italia-nel-terzo-semestre-2023-lanalisi-di-idealista\/#primaryimage\"},\"thumbnailUrl\":\"https:\/\/www.immobiliarecasani.it\/blog\/wp-content\/uploads\/2024\/01\/house-1353389_1280.jpg\",\"datePublished\":\"2024-01-05T17:04:00+00:00\",\"dateModified\":\"2025-06-18T14:05:12+00:00\",\"author\":{\"@id\":\"https:\/\/www.immobiliarecasani.it\/blog\/#\/schema\/person\/6dcab91ced0b4208769b25d73f4cc5d9\"},\"breadcrumb\":{\"@id\":\"https:\/\/www.immobiliarecasani.it\/blog\/affitti-in-italia-nel-terzo-semestre-2023-lanalisi-di-idealista\/#breadcrumb\"},\"inLanguage\":\"it-IT\",\"potentialAction\":[{\"@type\":\"ReadAction\",\"target\":[\"https:\/\/www.immobiliarecasani.it\/blog\/affitti-in-italia-nel-terzo-semestre-2023-lanalisi-di-idealista\/\"]}]},{\"@type\":\"ImageObject\",\"inLanguage\":\"it-IT\",\"@id\":\"https:\/\/www.immobiliarecasani.it\/blog\/affitti-in-italia-nel-terzo-semestre-2023-lanalisi-di-idealista\/#primaryimage\",\"url\":\"https:\/\/www.immobiliarecasani.it\/blog\/wp-content\/uploads\/2024\/01\/house-1353389_1280.jpg\",\"contentUrl\":\"https:\/\/www.immobiliarecasani.it\/blog\/wp-content\/uploads\/2024\/01\/house-1353389_1280.jpg\",\"width\":1280,\"height\":853},{\"@type\":\"BreadcrumbList\",\"@id\":\"https:\/\/www.immobiliarecasani.it\/blog\/affitti-in-italia-nel-terzo-semestre-2023-lanalisi-di-idealista\/#breadcrumb\",\"itemListElement\":[{\"@type\":\"ListItem\",\"position\":1,\"name\":\"Home\",\"item\":\"https:\/\/www.immobiliarecasani.it\/blog\/\"},{\"@type\":\"ListItem\",\"position\":2,\"name\":\"Affitti in Italia nel Terzo Semestre 2023: l&#8217;analisi di Idealista\"}]},{\"@type\":\"WebSite\",\"@id\":\"https:\/\/www.immobiliarecasani.it\/blog\/#website\",\"url\":\"https:\/\/www.immobiliarecasani.it\/blog\/\",\"name\":\"Immobiliare Casani | Propriet\u00e0 esclusive in Vendita in Versilia\",\"description\":\"tutta un&#039;altra casa\",\"potentialAction\":[{\"@type\":\"SearchAction\",\"target\":{\"@type\":\"EntryPoint\",\"urlTemplate\":\"https:\/\/www.immobiliarecasani.it\/blog\/?s={search_term_string}\"},\"query-input\":{\"@type\":\"PropertyValueSpecification\",\"valueRequired\":true,\"valueName\":\"search_term_string\"}}],\"inLanguage\":\"it-IT\"},{\"@type\":\"Person\",\"@id\":\"https:\/\/www.immobiliarecasani.it\/blog\/#\/schema\/person\/6dcab91ced0b4208769b25d73f4cc5d9\",\"name\":\"redazione\",\"image\":{\"@type\":\"ImageObject\",\"inLanguage\":\"it-IT\",\"@id\":\"https:\/\/www.immobiliarecasani.it\/blog\/#\/schema\/person\/image\/\",\"url\":\"https:\/\/secure.gravatar.com\/avatar\/32bf9a2b6e7adbb403b69e51dbb6fe45110b35b0202aff9f833359ec0ac74f7e?s=96&d=mm&r=g\",\"contentUrl\":\"https:\/\/secure.gravatar.com\/avatar\/32bf9a2b6e7adbb403b69e51dbb6fe45110b35b0202aff9f833359ec0ac74f7e?s=96&d=mm&r=g\",\"caption\":\"redazione\"},\"sameAs\":[\"https:\/\/www.immobiliarecasani.it\/blog\"],\"url\":\"https:\/\/www.immobiliarecasani.it\/blog\/author\/infoimmobiliarecasani-it\/\"}]}<\/script>\n<!-- \/ Yoast SEO plugin. -->","yoast_head_json":{"title":"Affitti in Italia nel Terzo Semestre 2023: l'analisi di Idealista - Immobiliare Casani | Propriet\u00e0 esclusive in Vendita in Versilia","robots":{"index":"index","follow":"follow","max-snippet":"max-snippet:-1","max-image-preview":"max-image-preview:large","max-video-preview":"max-video-preview:-1"},"canonical":"https:\/\/www.immobiliarecasani.it\/blog\/affitti-in-italia-nel-terzo-semestre-2023-lanalisi-di-idealista\/","og_locale":"it_IT","og_type":"article","og_title":"Affitti in Italia nel Terzo Semestre 2023: l'analisi di Idealista - Immobiliare Casani | Propriet\u00e0 esclusive in Vendita in Versilia","og_description":"Tra i primi 20 posti molte le localit\u00e0 della Versilia, nell'analisi pubblicata da Idealista e ripresa dal Tirreno.","og_url":"https:\/\/www.immobiliarecasani.it\/blog\/affitti-in-italia-nel-terzo-semestre-2023-lanalisi-di-idealista\/","og_site_name":"Immobiliare Casani | Propriet\u00e0 esclusive in Vendita in Versilia","article_published_time":"2024-01-05T17:04:00+00:00","article_modified_time":"2025-06-18T14:05:12+00:00","og_image":[{"width":1280,"height":853,"url":"https:\/\/www.immobiliarecasani.it\/blog\/wp-content\/uploads\/2024\/01\/house-1353389_1280.jpg","type":"image\/jpeg"}],"author":"redazione","twitter_card":"summary_large_image","twitter_misc":{"Scritto da":"redazione","Tempo di lettura stimato":"3 minuti"},"schema":{"@context":"https:\/\/schema.org","@graph":[{"@type":"WebPage","@id":"https:\/\/www.immobiliarecasani.it\/blog\/affitti-in-italia-nel-terzo-semestre-2023-lanalisi-di-idealista\/","url":"https:\/\/www.immobiliarecasani.it\/blog\/affitti-in-italia-nel-terzo-semestre-2023-lanalisi-di-idealista\/","name":"Affitti in Italia nel Terzo Semestre 2023: l'analisi di Idealista - Immobiliare Casani | Propriet\u00e0 esclusive in Vendita in Versilia","isPartOf":{"@id":"https:\/\/www.immobiliarecasani.it\/blog\/#website"},"primaryImageOfPage":{"@id":"https:\/\/www.immobiliarecasani.it\/blog\/affitti-in-italia-nel-terzo-semestre-2023-lanalisi-di-idealista\/#primaryimage"},"image":{"@id":"https:\/\/www.immobiliarecasani.it\/blog\/affitti-in-italia-nel-terzo-semestre-2023-lanalisi-di-idealista\/#primaryimage"},"thumbnailUrl":"https:\/\/www.immobiliarecasani.it\/blog\/wp-content\/uploads\/2024\/01\/house-1353389_1280.jpg","datePublished":"2024-01-05T17:04:00+00:00","dateModified":"2025-06-18T14:05:12+00:00","author":{"@id":"https:\/\/www.immobiliarecasani.it\/blog\/#\/schema\/person\/6dcab91ced0b4208769b25d73f4cc5d9"},"breadcrumb":{"@id":"https:\/\/www.immobiliarecasani.it\/blog\/affitti-in-italia-nel-terzo-semestre-2023-lanalisi-di-idealista\/#breadcrumb"},"inLanguage":"it-IT","potentialAction":[{"@type":"ReadAction","target":["https:\/\/www.immobiliarecasani.it\/blog\/affitti-in-italia-nel-terzo-semestre-2023-lanalisi-di-idealista\/"]}]},{"@type":"ImageObject","inLanguage":"it-IT","@id":"https:\/\/www.immobiliarecasani.it\/blog\/affitti-in-italia-nel-terzo-semestre-2023-lanalisi-di-idealista\/#primaryimage","url":"https:\/\/www.immobiliarecasani.it\/blog\/wp-content\/uploads\/2024\/01\/house-1353389_1280.jpg","contentUrl":"https:\/\/www.immobiliarecasani.it\/blog\/wp-content\/uploads\/2024\/01\/house-1353389_1280.jpg","width":1280,"height":853},{"@type":"BreadcrumbList","@id":"https:\/\/www.immobiliarecasani.it\/blog\/affitti-in-italia-nel-terzo-semestre-2023-lanalisi-di-idealista\/#breadcrumb","itemListElement":[{"@type":"ListItem","position":1,"name":"Home","item":"https:\/\/www.immobiliarecasani.it\/blog\/"},{"@type":"ListItem","position":2,"name":"Affitti in Italia nel Terzo Semestre 2023: l&#8217;analisi di Idealista"}]},{"@type":"WebSite","@id":"https:\/\/www.immobiliarecasani.it\/blog\/#website","url":"https:\/\/www.immobiliarecasani.it\/blog\/","name":"Immobiliare Casani | Propriet\u00e0 esclusive in Vendita in Versilia","description":"tutta un&#039;altra casa","potentialAction":[{"@type":"SearchAction","target":{"@type":"EntryPoint","urlTemplate":"https:\/\/www.immobiliarecasani.it\/blog\/?s={search_term_string}"},"query-input":{"@type":"PropertyValueSpecification","valueRequired":true,"valueName":"search_term_string"}}],"inLanguage":"it-IT"},{"@type":"Person","@id":"https:\/\/www.immobiliarecasani.it\/blog\/#\/schema\/person\/6dcab91ced0b4208769b25d73f4cc5d9","name":"redazione","image":{"@type":"ImageObject","inLanguage":"it-IT","@id":"https:\/\/www.immobiliarecasani.it\/blog\/#\/schema\/person\/image\/","url":"https:\/\/secure.gravatar.com\/avatar\/32bf9a2b6e7adbb403b69e51dbb6fe45110b35b0202aff9f833359ec0ac74f7e?s=96&d=mm&r=g","contentUrl":"https:\/\/secure.gravatar.com\/avatar\/32bf9a2b6e7adbb403b69e51dbb6fe45110b35b0202aff9f833359ec0ac74f7e?s=96&d=mm&r=g","caption":"redazione"},"sameAs":["https:\/\/www.immobiliarecasani.it\/blog"],"url":"https:\/\/www.immobiliarecasani.it\/blog\/author\/infoimmobiliarecasani-it\/"}]}},"_links":{"self":[{"href":"https:\/\/www.immobiliarecasani.it\/blog\/wp-json\/wp\/v2\/posts\/29","targetHints":{"allow":["GET"]}}],"collection":[{"href":"https:\/\/www.immobiliarecasani.it\/blog\/wp-json\/wp\/v2\/posts"}],"about":[{"href":"https:\/\/www.immobiliarecasani.it\/blog\/wp-json\/wp\/v2\/types\/post"}],"author":[{"embeddable":true,"href":"https:\/\/www.immobiliarecasani.it\/blog\/wp-json\/wp\/v2\/users\/1"}],"replies":[{"embeddable":true,"href":"https:\/\/www.immobiliarecasani.it\/blog\/wp-json\/wp\/v2\/comments?post=29"}],"version-history":[{"count":3,"href":"https:\/\/www.immobiliarecasani.it\/blog\/wp-json\/wp\/v2\/posts\/29\/revisions"}],"predecessor-version":[{"id":299,"href":"https:\/\/www.immobiliarecasani.it\/blog\/wp-json\/wp\/v2\/posts\/29\/revisions\/299"}],"wp:featuredmedia":[{"embeddable":true,"href":"https:\/\/www.immobiliarecasani.it\/blog\/wp-json\/wp\/v2\/media\/171"}],"wp:attachment":[{"href":"https:\/\/www.immobiliarecasani.it\/blog\/wp-json\/wp\/v2\/media?parent=29"}],"wp:term":[{"taxonomy":"category","embeddable":true,"href":"https:\/\/www.immobiliarecasani.it\/blog\/wp-json\/wp\/v2\/categories?post=29"},{"taxonomy":"post_tag","embeddable":true,"href":"https:\/\/www.immobiliarecasani.it\/blog\/wp-json\/wp\/v2\/tags?post=29"}],"curies":[{"name":"wp","href":"https:\/\/api.w.org\/{rel}","templated":true}]}}