{"id":355,"date":"2025-04-11T08:07:21","date_gmt":"2025-04-11T08:07:21","guid":{"rendered":"https:\/\/www.immobiliarecasani.it\/blog\/?p=355"},"modified":"2025-06-18T14:00:28","modified_gmt":"2025-06-18T14:00:28","slug":"camaiore-si-colora-di-verde-torna-e-la-via-dellorto-tra-natura-sapori-e-personaggi-deccezione","status":"publish","type":"post","link":"https:\/\/www.immobiliarecasani.it\/blog\/camaiore-si-colora-di-verde-torna-e-la-via-dellorto-tra-natura-sapori-e-personaggi-deccezione\/","title":{"rendered":"Camaiore si colora di verde: torna \u00c8 la Via dell\u2019Orto, tra natura, sapori e personaggi d\u2019eccezione"},"content":{"rendered":"\n<p>C\u2019\u00e8 un momento dell\u2019anno in cui Camaiore si trasforma in un grande giardino urbano. Le corti del centro storico si vestono di orti scenografici, l\u2019aria profuma di erbe aromatiche, sementi e pane appena sfornato, e le piazze si animano di voci, sorrisi e assaggi. <\/p>\n\n\n\n<p><strong>Sabato 12 e domenica 13 aprile 2025<\/strong>, il centro storico torner\u00e0 a essere il palcoscenico di una delle feste pi\u00f9 amate della Versilia: <strong>\u00c8 la Via dell\u2019Orto<\/strong>, la manifestazione che da quattordici anni porta la natura nel cuore della citt\u00e0, unendo il fascino rurale alla creativit\u00e0 urbana. Una due-giorni per celebrare la cultura contadina e l\u2019agrogastronomia, dove l\u2019orto non \u00e8 solo un luogo fisico, ma un simbolo: di cura, di bellezza, di legame profondo con la terra. Un\u2019idea di citt\u00e0 pi\u00f9 verde, pi\u00f9 accogliente, pi\u00f9 autentica.<\/p>\n\n\n\n<h3 class=\"wp-block-heading\">Chef Tomei e il Festival della Cipolla<\/h3>\n\n\n\n<p>A rendere speciale questa manifestazione non sono solo gli allestimenti curati e gli stand traboccanti di bont\u00e0, ma anche i personaggi che la animano. Primo fra tutti Chef <a href=\"https:\/\/www.limbuto.it\/\">Cristiano Tomei<\/a>, direttore artistico della manifestazione e ormai volto-simbolo di <strong><em>\u00c8 la Via dell\u2019Orto<\/em><\/strong>, capace di trasformare una semplice chiacchierata in un vero spettacolo.<\/p>\n\n\n\n<p>Torna infatti il celebre <strong>Orto Talk <\/strong>in Piazza XXIX Maggio: una tavola aperta, dove si incontrano storie di cucina, sapori, sorrisi e tanta passione. Tema di quest\u2019anno? La cipolla. Un ingrediente umile, ma capace di far piangere e di far sorridere. \u201cSar\u00e0 il Festival della Fiatella!\u201d scherza Tomei, che sar\u00e0 affiancato da una schiera di chef provenienti da tutta Italia, pronti a raccontare e cucinare per il pubblico.<\/p>\n\n\n\n<p>Tra i nomi attesi: Antonio Sorrentino, Giovanni Mandara, Valentino Cassanelli, Antonio Biafora, e l\u2019amatissima Enrica Guidi, attrice de \u201cI Delitti del Barlume\u201d e volto noto di Celebrity MasterChef, che porter\u00e0 sul palco aneddoti e ricette della sua cucina quotidiana.<\/p>\n\n\n\n<h3 class=\"wp-block-heading\">Verde ovunque, anche tra le mani<\/h3>\n\n\n\n<p>Ma \u201c\u00c8 la Via dell\u2019Orto\u201d \u00e8 anche laboratorio, sperimentazione, scoperta. Nello splendido impluvio di Palazzo Tori Massoni, torna l\u2019Area Garden, curata dalla blogger <a href=\"https:\/\/www.instagram.com\/nara.marrucci\" target=\"_blank\" rel=\"noreferrer noopener\">Nara Marrucci<\/a>: un\u2019oasi di incontri, corsi e dimostrazioni dedicate alla botanica, al florovivaismo e all\u2019arte green. Dalla creazione di ghirlande decorative al ricamo botanico, dall\u2019uso degli erbi in cucina fino al magico mondo delle api, sar\u00e0 un\u2019occasione per sporcarsi le mani (in senso buono!) e portarsi a casa un pezzetto di natura.<\/p>\n\n\n\n<h3 class=\"wp-block-heading\">Orti Creativi e meraviglie urbane<\/h3>\n\n\n\n<p>Come da tradizione, anche le strade, le piazze e le corti del centro si trasformeranno in piccole oasi verdi, grazie agli Orti Creativi, veri e propri orti artistici ideati da scuole e cittadini. Un modo per dimostrare che coltivare \u00e8 un atto creativo, oltre che utile e sostenibile. E che anche un angolo di citt\u00e0 pu\u00f2 diventare fertile, bello e vivo.<\/p>\n\n\n\n<h3 class=\"wp-block-heading\">Un motivo in pi\u00f9 per amare Camaiore<\/h3>\n\n\n\n<p>\u201c\u00c8 la Via dell\u2019Orto\u201d \u00e8 uno di quegli eventi che fanno bene all\u2019anima. Perch\u00e9 non \u00e8 solo una fiera, ma una festa collettiva, che parla di territorio, identit\u00e0 e bellezza semplice. Un\u2019occasione per riscoprire Camaiore da un\u2019altra prospettiva: pi\u00f9 lenta, pi\u00f9 naturale, pi\u00f9 autentica. E per chi sta pensando di viverci, o investire in questo angolo speciale di Toscana, anche un bellissimo biglietto da visita.<\/p>\n","protected":false},"excerpt":{"rendered":"<p>Sabato 12 e domenica 13 aprile 2025, il centro storico torner\u00e0 a essere il palcoscenico di una delle feste pi\u00f9 amate della Versilia che unisce il fascino rurale alla creativit\u00e0 urbana. Una due-giorni per celebrare la cultura contadina e l\u2019agrogastronomia.<\/p>\n<p> <a class=\"more-link\" href=\"https:\/\/www.immobiliarecasani.it\/blog\/camaiore-si-colora-di-verde-torna-e-la-via-dellorto-tra-natura-sapori-e-personaggi-deccezione\/\">Leggi tutto<\/a><\/p>","protected":false},"author":1,"featured_media":358,"comment_status":"open","ping_status":"open","sticky":false,"template":"","format":"standard","meta":{"footnotes":""},"categories":[31],"tags":[],"class_list":{"0":"post-355","1":"post","2":"type-post","3":"status-publish","4":"format-standard","5":"has-post-thumbnail","7":"category-vivere-la-versilia"},"yoast_head":"<!-- This site is optimized with the Yoast SEO plugin v24.6 - https:\/\/yoast.com\/wordpress\/plugins\/seo\/ -->\n<title>Camaiore si colora di verde: torna \u00c8 la Via dell\u2019Orto, tra natura, sapori e personaggi d\u2019eccezione - Immobiliare Casani | Propriet\u00e0 esclusive in Vendita in Versilia<\/title>\n<meta name=\"robots\" content=\"index, follow, max-snippet:-1, max-image-preview:large, max-video-preview:-1\" \/>\n<link rel=\"canonical\" href=\"https:\/\/www.immobiliarecasani.it\/blog\/camaiore-si-colora-di-verde-torna-e-la-via-dellorto-tra-natura-sapori-e-personaggi-deccezione\/\" \/>\n<meta property=\"og:locale\" content=\"it_IT\" \/>\n<meta property=\"og:type\" content=\"article\" \/>\n<meta property=\"og:title\" content=\"Camaiore si colora di verde: torna \u00c8 la Via dell\u2019Orto, tra natura, sapori e personaggi d\u2019eccezione - Immobiliare Casani | Propriet\u00e0 esclusive in Vendita in Versilia\" \/>\n<meta property=\"og:description\" content=\"Sabato 12 e domenica 13 aprile 2025, il centro storico torner\u00e0 a essere il palcoscenico di una delle feste pi\u00f9 amate della Versilia che unisce il fascino rurale alla creativit\u00e0 urbana. Una due-giorni per celebrare la cultura contadina e l\u2019agrogastronomia.\" \/>\n<meta property=\"og:url\" content=\"https:\/\/www.immobiliarecasani.it\/blog\/camaiore-si-colora-di-verde-torna-e-la-via-dellorto-tra-natura-sapori-e-personaggi-deccezione\/\" \/>\n<meta property=\"og:site_name\" content=\"Immobiliare Casani | Propriet\u00e0 esclusive in Vendita in Versilia\" \/>\n<meta property=\"article:published_time\" content=\"2025-04-11T08:07:21+00:00\" \/>\n<meta property=\"article:modified_time\" content=\"2025-06-18T14:00:28+00:00\" \/>\n<meta property=\"og:image\" content=\"https:\/\/www.immobiliarecasani.it\/blog\/wp-content\/uploads\/2025\/04\/Tomei-e-la-via-dellorto-camaiore-2025-scaled.webp\" \/>\n\t<meta property=\"og:image:width\" content=\"2560\" \/>\n\t<meta property=\"og:image:height\" content=\"1615\" \/>\n\t<meta property=\"og:image:type\" content=\"image\/webp\" \/>\n<meta name=\"author\" content=\"redazione\" \/>\n<meta name=\"twitter:card\" content=\"summary_large_image\" \/>\n<meta name=\"twitter:label1\" content=\"Scritto da\" \/>\n\t<meta name=\"twitter:data1\" content=\"redazione\" \/>\n\t<meta name=\"twitter:label2\" content=\"Tempo di lettura stimato\" \/>\n\t<meta name=\"twitter:data2\" content=\"3 minuti\" \/>\n<script type=\"application\/ld+json\" class=\"yoast-schema-graph\">{\"@context\":\"https:\/\/schema.org\",\"@graph\":[{\"@type\":\"WebPage\",\"@id\":\"https:\/\/www.immobiliarecasani.it\/blog\/camaiore-si-colora-di-verde-torna-e-la-via-dellorto-tra-natura-sapori-e-personaggi-deccezione\/\",\"url\":\"https:\/\/www.immobiliarecasani.it\/blog\/camaiore-si-colora-di-verde-torna-e-la-via-dellorto-tra-natura-sapori-e-personaggi-deccezione\/\",\"name\":\"Camaiore si colora di verde: torna \u00c8 la Via dell\u2019Orto, tra natura, sapori e personaggi d\u2019eccezione - Immobiliare Casani | Propriet\u00e0 esclusive in Vendita in Versilia\",\"isPartOf\":{\"@id\":\"https:\/\/www.immobiliarecasani.it\/blog\/#website\"},\"primaryImageOfPage\":{\"@id\":\"https:\/\/www.immobiliarecasani.it\/blog\/camaiore-si-colora-di-verde-torna-e-la-via-dellorto-tra-natura-sapori-e-personaggi-deccezione\/#primaryimage\"},\"image\":{\"@id\":\"https:\/\/www.immobiliarecasani.it\/blog\/camaiore-si-colora-di-verde-torna-e-la-via-dellorto-tra-natura-sapori-e-personaggi-deccezione\/#primaryimage\"},\"thumbnailUrl\":\"https:\/\/www.immobiliarecasani.it\/blog\/wp-content\/uploads\/2025\/04\/Tomei-e-la-via-dellorto-camaiore-2025-scaled.webp\",\"datePublished\":\"2025-04-11T08:07:21+00:00\",\"dateModified\":\"2025-06-18T14:00:28+00:00\",\"author\":{\"@id\":\"https:\/\/www.immobiliarecasani.it\/blog\/#\/schema\/person\/6dcab91ced0b4208769b25d73f4cc5d9\"},\"breadcrumb\":{\"@id\":\"https:\/\/www.immobiliarecasani.it\/blog\/camaiore-si-colora-di-verde-torna-e-la-via-dellorto-tra-natura-sapori-e-personaggi-deccezione\/#breadcrumb\"},\"inLanguage\":\"it-IT\",\"potentialAction\":[{\"@type\":\"ReadAction\",\"target\":[\"https:\/\/www.immobiliarecasani.it\/blog\/camaiore-si-colora-di-verde-torna-e-la-via-dellorto-tra-natura-sapori-e-personaggi-deccezione\/\"]}]},{\"@type\":\"ImageObject\",\"inLanguage\":\"it-IT\",\"@id\":\"https:\/\/www.immobiliarecasani.it\/blog\/camaiore-si-colora-di-verde-torna-e-la-via-dellorto-tra-natura-sapori-e-personaggi-deccezione\/#primaryimage\",\"url\":\"https:\/\/www.immobiliarecasani.it\/blog\/wp-content\/uploads\/2025\/04\/Tomei-e-la-via-dellorto-camaiore-2025-scaled.webp\",\"contentUrl\":\"https:\/\/www.immobiliarecasani.it\/blog\/wp-content\/uploads\/2025\/04\/Tomei-e-la-via-dellorto-camaiore-2025-scaled.webp\",\"width\":2560,\"height\":1615,\"caption\":\"Tomei - e\u0300 la via dell'orto camaiore 2025\"},{\"@type\":\"BreadcrumbList\",\"@id\":\"https:\/\/www.immobiliarecasani.it\/blog\/camaiore-si-colora-di-verde-torna-e-la-via-dellorto-tra-natura-sapori-e-personaggi-deccezione\/#breadcrumb\",\"itemListElement\":[{\"@type\":\"ListItem\",\"position\":1,\"name\":\"Home\",\"item\":\"https:\/\/www.immobiliarecasani.it\/blog\/\"},{\"@type\":\"ListItem\",\"position\":2,\"name\":\"Camaiore si colora di verde: torna \u00c8 la Via dell\u2019Orto, tra natura, sapori e personaggi d\u2019eccezione\"}]},{\"@type\":\"WebSite\",\"@id\":\"https:\/\/www.immobiliarecasani.it\/blog\/#website\",\"url\":\"https:\/\/www.immobiliarecasani.it\/blog\/\",\"name\":\"Immobiliare Casani | Propriet\u00e0 esclusive in Vendita in Versilia\",\"description\":\"tutta un&#039;altra casa\",\"potentialAction\":[{\"@type\":\"SearchAction\",\"target\":{\"@type\":\"EntryPoint\",\"urlTemplate\":\"https:\/\/www.immobiliarecasani.it\/blog\/?s={search_term_string}\"},\"query-input\":{\"@type\":\"PropertyValueSpecification\",\"valueRequired\":true,\"valueName\":\"search_term_string\"}}],\"inLanguage\":\"it-IT\"},{\"@type\":\"Person\",\"@id\":\"https:\/\/www.immobiliarecasani.it\/blog\/#\/schema\/person\/6dcab91ced0b4208769b25d73f4cc5d9\",\"name\":\"redazione\",\"image\":{\"@type\":\"ImageObject\",\"inLanguage\":\"it-IT\",\"@id\":\"https:\/\/www.immobiliarecasani.it\/blog\/#\/schema\/person\/image\/\",\"url\":\"https:\/\/secure.gravatar.com\/avatar\/32bf9a2b6e7adbb403b69e51dbb6fe45110b35b0202aff9f833359ec0ac74f7e?s=96&d=mm&r=g\",\"contentUrl\":\"https:\/\/secure.gravatar.com\/avatar\/32bf9a2b6e7adbb403b69e51dbb6fe45110b35b0202aff9f833359ec0ac74f7e?s=96&d=mm&r=g\",\"caption\":\"redazione\"},\"sameAs\":[\"https:\/\/www.immobiliarecasani.it\/blog\"],\"url\":\"https:\/\/www.immobiliarecasani.it\/blog\/author\/infoimmobiliarecasani-it\/\"}]}<\/script>\n<!-- \/ Yoast SEO plugin. -->","yoast_head_json":{"title":"Camaiore si colora di verde: torna \u00c8 la Via dell\u2019Orto, tra natura, sapori e personaggi d\u2019eccezione - Immobiliare Casani | Propriet\u00e0 esclusive in Vendita in Versilia","robots":{"index":"index","follow":"follow","max-snippet":"max-snippet:-1","max-image-preview":"max-image-preview:large","max-video-preview":"max-video-preview:-1"},"canonical":"https:\/\/www.immobiliarecasani.it\/blog\/camaiore-si-colora-di-verde-torna-e-la-via-dellorto-tra-natura-sapori-e-personaggi-deccezione\/","og_locale":"it_IT","og_type":"article","og_title":"Camaiore si colora di verde: torna \u00c8 la Via dell\u2019Orto, tra natura, sapori e personaggi d\u2019eccezione - Immobiliare Casani | Propriet\u00e0 esclusive in Vendita in Versilia","og_description":"Sabato 12 e domenica 13 aprile 2025, il centro storico torner\u00e0 a essere il palcoscenico di una delle feste pi\u00f9 amate della Versilia che unisce il fascino rurale alla creativit\u00e0 urbana. Una due-giorni per celebrare la cultura contadina e l\u2019agrogastronomia.","og_url":"https:\/\/www.immobiliarecasani.it\/blog\/camaiore-si-colora-di-verde-torna-e-la-via-dellorto-tra-natura-sapori-e-personaggi-deccezione\/","og_site_name":"Immobiliare Casani | Propriet\u00e0 esclusive in Vendita in Versilia","article_published_time":"2025-04-11T08:07:21+00:00","article_modified_time":"2025-06-18T14:00:28+00:00","og_image":[{"width":2560,"height":1615,"url":"https:\/\/www.immobiliarecasani.it\/blog\/wp-content\/uploads\/2025\/04\/Tomei-e-la-via-dellorto-camaiore-2025-scaled.webp","type":"image\/webp"}],"author":"redazione","twitter_card":"summary_large_image","twitter_misc":{"Scritto da":"redazione","Tempo di lettura stimato":"3 minuti"},"schema":{"@context":"https:\/\/schema.org","@graph":[{"@type":"WebPage","@id":"https:\/\/www.immobiliarecasani.it\/blog\/camaiore-si-colora-di-verde-torna-e-la-via-dellorto-tra-natura-sapori-e-personaggi-deccezione\/","url":"https:\/\/www.immobiliarecasani.it\/blog\/camaiore-si-colora-di-verde-torna-e-la-via-dellorto-tra-natura-sapori-e-personaggi-deccezione\/","name":"Camaiore si colora di verde: torna \u00c8 la Via dell\u2019Orto, tra natura, sapori e personaggi d\u2019eccezione - Immobiliare Casani | Propriet\u00e0 esclusive in Vendita in Versilia","isPartOf":{"@id":"https:\/\/www.immobiliarecasani.it\/blog\/#website"},"primaryImageOfPage":{"@id":"https:\/\/www.immobiliarecasani.it\/blog\/camaiore-si-colora-di-verde-torna-e-la-via-dellorto-tra-natura-sapori-e-personaggi-deccezione\/#primaryimage"},"image":{"@id":"https:\/\/www.immobiliarecasani.it\/blog\/camaiore-si-colora-di-verde-torna-e-la-via-dellorto-tra-natura-sapori-e-personaggi-deccezione\/#primaryimage"},"thumbnailUrl":"https:\/\/www.immobiliarecasani.it\/blog\/wp-content\/uploads\/2025\/04\/Tomei-e-la-via-dellorto-camaiore-2025-scaled.webp","datePublished":"2025-04-11T08:07:21+00:00","dateModified":"2025-06-18T14:00:28+00:00","author":{"@id":"https:\/\/www.immobiliarecasani.it\/blog\/#\/schema\/person\/6dcab91ced0b4208769b25d73f4cc5d9"},"breadcrumb":{"@id":"https:\/\/www.immobiliarecasani.it\/blog\/camaiore-si-colora-di-verde-torna-e-la-via-dellorto-tra-natura-sapori-e-personaggi-deccezione\/#breadcrumb"},"inLanguage":"it-IT","potentialAction":[{"@type":"ReadAction","target":["https:\/\/www.immobiliarecasani.it\/blog\/camaiore-si-colora-di-verde-torna-e-la-via-dellorto-tra-natura-sapori-e-personaggi-deccezione\/"]}]},{"@type":"ImageObject","inLanguage":"it-IT","@id":"https:\/\/www.immobiliarecasani.it\/blog\/camaiore-si-colora-di-verde-torna-e-la-via-dellorto-tra-natura-sapori-e-personaggi-deccezione\/#primaryimage","url":"https:\/\/www.immobiliarecasani.it\/blog\/wp-content\/uploads\/2025\/04\/Tomei-e-la-via-dellorto-camaiore-2025-scaled.webp","contentUrl":"https:\/\/www.immobiliarecasani.it\/blog\/wp-content\/uploads\/2025\/04\/Tomei-e-la-via-dellorto-camaiore-2025-scaled.webp","width":2560,"height":1615,"caption":"Tomei - e\u0300 la via dell'orto camaiore 2025"},{"@type":"BreadcrumbList","@id":"https:\/\/www.immobiliarecasani.it\/blog\/camaiore-si-colora-di-verde-torna-e-la-via-dellorto-tra-natura-sapori-e-personaggi-deccezione\/#breadcrumb","itemListElement":[{"@type":"ListItem","position":1,"name":"Home","item":"https:\/\/www.immobiliarecasani.it\/blog\/"},{"@type":"ListItem","position":2,"name":"Camaiore si colora di verde: torna \u00c8 la Via dell\u2019Orto, tra natura, sapori e personaggi d\u2019eccezione"}]},{"@type":"WebSite","@id":"https:\/\/www.immobiliarecasani.it\/blog\/#website","url":"https:\/\/www.immobiliarecasani.it\/blog\/","name":"Immobiliare Casani | Propriet\u00e0 esclusive in Vendita in Versilia","description":"tutta un&#039;altra casa","potentialAction":[{"@type":"SearchAction","target":{"@type":"EntryPoint","urlTemplate":"https:\/\/www.immobiliarecasani.it\/blog\/?s={search_term_string}"},"query-input":{"@type":"PropertyValueSpecification","valueRequired":true,"valueName":"search_term_string"}}],"inLanguage":"it-IT"},{"@type":"Person","@id":"https:\/\/www.immobiliarecasani.it\/blog\/#\/schema\/person\/6dcab91ced0b4208769b25d73f4cc5d9","name":"redazione","image":{"@type":"ImageObject","inLanguage":"it-IT","@id":"https:\/\/www.immobiliarecasani.it\/blog\/#\/schema\/person\/image\/","url":"https:\/\/secure.gravatar.com\/avatar\/32bf9a2b6e7adbb403b69e51dbb6fe45110b35b0202aff9f833359ec0ac74f7e?s=96&d=mm&r=g","contentUrl":"https:\/\/secure.gravatar.com\/avatar\/32bf9a2b6e7adbb403b69e51dbb6fe45110b35b0202aff9f833359ec0ac74f7e?s=96&d=mm&r=g","caption":"redazione"},"sameAs":["https:\/\/www.immobiliarecasani.it\/blog"],"url":"https:\/\/www.immobiliarecasani.it\/blog\/author\/infoimmobiliarecasani-it\/"}]}},"_links":{"self":[{"href":"https:\/\/www.immobiliarecasani.it\/blog\/wp-json\/wp\/v2\/posts\/355","targetHints":{"allow":["GET"]}}],"collection":[{"href":"https:\/\/www.immobiliarecasani.it\/blog\/wp-json\/wp\/v2\/posts"}],"about":[{"href":"https:\/\/www.immobiliarecasani.it\/blog\/wp-json\/wp\/v2\/types\/post"}],"author":[{"embeddable":true,"href":"https:\/\/www.immobiliarecasani.it\/blog\/wp-json\/wp\/v2\/users\/1"}],"replies":[{"embeddable":true,"href":"https:\/\/www.immobiliarecasani.it\/blog\/wp-json\/wp\/v2\/comments?post=355"}],"version-history":[{"count":2,"href":"https:\/\/www.immobiliarecasani.it\/blog\/wp-json\/wp\/v2\/posts\/355\/revisions"}],"predecessor-version":[{"id":357,"href":"https:\/\/www.immobiliarecasani.it\/blog\/wp-json\/wp\/v2\/posts\/355\/revisions\/357"}],"wp:featuredmedia":[{"embeddable":true,"href":"https:\/\/www.immobiliarecasani.it\/blog\/wp-json\/wp\/v2\/media\/358"}],"wp:attachment":[{"href":"https:\/\/www.immobiliarecasani.it\/blog\/wp-json\/wp\/v2\/media?parent=355"}],"wp:term":[{"taxonomy":"category","embeddable":true,"href":"https:\/\/www.immobiliarecasani.it\/blog\/wp-json\/wp\/v2\/categories?post=355"},{"taxonomy":"post_tag","embeddable":true,"href":"https:\/\/www.immobiliarecasani.it\/blog\/wp-json\/wp\/v2\/tags?post=355"}],"curies":[{"name":"wp","href":"https:\/\/api.w.org\/{rel}","templated":true}]}}