{"id":359,"date":"2025-04-14T14:39:41","date_gmt":"2025-04-14T14:39:41","guid":{"rendered":"https:\/\/www.immobiliarecasani.it\/blog\/?p=359"},"modified":"2025-06-18T14:00:10","modified_gmt":"2025-06-18T14:00:10","slug":"fede-e-tradizione-camaiore-si-illumina-in-occasione-della-triennale-di-gesu-morto","status":"publish","type":"post","link":"https:\/\/www.immobiliarecasani.it\/blog\/fede-e-tradizione-camaiore-si-illumina-in-occasione-della-triennale-di-gesu-morto\/","title":{"rendered":"Fede e tradizione: il venerd\u00ec Santo illumina Camaiore"},"content":{"rendered":"\n<p><br>Ogni tre anni, nella sera del Venerd\u00ec Santo, il centro storico di Camaiore si riempie di luci tremolanti e le strade si fanno silenziose nell&#8217;attesa di una delle processioni pi\u00f9 suggestive e sentite di tutta la Versilia: la <strong>Triennale di Ges\u00f9 Morto<\/strong>.<\/p>\n\n\n\n<h3 class=\"wp-block-heading\">Una tradizione secolare che unisce la comunit\u00e0<\/h3>\n\n\n\n<p>Questa tradizione affonda le sue radici nel Cinquecento e si alterna, ogni tre anni, tra le frazioni di <strong>Nocchi<\/strong>, <strong>Casoli<\/strong> e il centro di <strong>Camaiore<\/strong>. L\u2019edizione 2025 riporta la processione nel cuore della citt\u00e0, dove tutto prende vita al calar della sera, con il corteo che si snoda solennemente dalla Chiesa della Madonna dei Dolori attraverso le vie storiche del paese.<\/p>\n\n\n\n<p>Il momento pi\u00f9 emozionante? Quando il <strong>gruppo ligneo della Deposizione<\/strong>, composto da statue di grande valore artistico, tra cui un Cristo Morto del XVI secolo e una Madonna Addolorata del 1691, viene portato a spalla dai confratelli, accompagnato dal canto commosso dello <strong>Stabat Mater<\/strong>.<\/p>\n\n\n\n<h3 class=\"wp-block-heading\">Una atmosfera unica<\/h3>\n\n\n\n<p>A rendere questa processione davvero unica \u00e8 l\u2019atmosfera creata da decine di migliaia di lumi ad olio &#8211; i <a href=\"http:\/\/www.chiesadeidolori.it\/page2.html\">cincindellori<\/a> &#8211; realizzati ancora oggi a mano secondo l\u2019antica tradizione: sughero, cotone e olio, pazientemente assemblati da artigiani e volontari, tra cui Pier Luigi Giannecchini che da oltre trent\u2019anni ne cura la produzione.<\/p>\n\n\n\n<p>Nei giorni che precedono la processione, i residenti allestiscono telai in legno alle finestre e ai portoni delle case, creando <strong>disegni luminosi<\/strong>. Quest\u2019anno, oltre ai lumini, saranno &#8220;stesi&#8221; anche <strong>quattro spettacolari tappeti di segatura artistica<\/strong>, ospitati nelle chiese del centro e ispirati alla Passione di Cristo. Un\u2019aggiunta che arricchisce ulteriormente il valore simbolico e scenografico della manifestazione.<\/p>\n\n\n\n<p>Promossa fin dal 1563 dalla Confraternita della Santissima Trinit\u00e0, la Triennale \u00e8 sostenuta con entusiasmo dal Comune di Camaiore, che contribuisce a mantenerla viva e accessibile, distribuendo gratuitamente le luminarie agli abitanti del Comune che ne fanno richiesta.<\/p>\n\n\n\n<p>La Triennale non \u00e8 solo un rito religioso: \u00e8 un momento di forte coesione per tutto il territorio. \u00c8 la testimonianza dell&#8217;amore dei camaioresi per le loro tradizioni che si rinnovano ogni volta, con la stessa emozione di secoli fa.<\/p>\n","protected":false},"excerpt":{"rendered":"<p>Dopo due anni di attesa, Camaiore si appresta a ospitare nuovamente la Triennale di Ges\u00f9 Morto, una delle processioni pi\u00f9 suggestive e sentite di tutta la Versilia, che affonda le sue radici nel 1500.<\/p>\n<p> <a class=\"more-link\" href=\"https:\/\/www.immobiliarecasani.it\/blog\/fede-e-tradizione-camaiore-si-illumina-in-occasione-della-triennale-di-gesu-morto\/\">Leggi tutto<\/a><\/p>","protected":false},"author":1,"featured_media":360,"comment_status":"open","ping_status":"open","sticky":false,"template":"","format":"standard","meta":{"footnotes":""},"categories":[31],"tags":[],"class_list":{"0":"post-359","1":"post","2":"type-post","3":"status-publish","4":"format-standard","5":"has-post-thumbnail","7":"category-vivere-la-versilia"},"yoast_head":"<!-- This site is optimized with the Yoast SEO plugin v24.6 - https:\/\/yoast.com\/wordpress\/plugins\/seo\/ -->\n<title>Fede e tradizione: il venerd\u00ec Santo illumina Camaiore - Immobiliare Casani | Propriet\u00e0 esclusive in Vendita in Versilia<\/title>\n<meta name=\"robots\" content=\"index, follow, max-snippet:-1, max-image-preview:large, max-video-preview:-1\" \/>\n<link rel=\"canonical\" href=\"https:\/\/www.immobiliarecasani.it\/blog\/fede-e-tradizione-camaiore-si-illumina-in-occasione-della-triennale-di-gesu-morto\/\" \/>\n<meta property=\"og:locale\" content=\"it_IT\" \/>\n<meta property=\"og:type\" content=\"article\" \/>\n<meta property=\"og:title\" content=\"Fede e tradizione: il venerd\u00ec Santo illumina Camaiore - Immobiliare Casani | Propriet\u00e0 esclusive in Vendita in Versilia\" \/>\n<meta property=\"og:description\" content=\"Dopo due anni di attesa, Camaiore si appresta a ospitare nuovamente la Triennale di Ges\u00f9 Morto, una delle processioni pi\u00f9 suggestive e sentite di tutta la Versilia, che affonda le sue radici nel 1500.\" \/>\n<meta property=\"og:url\" content=\"https:\/\/www.immobiliarecasani.it\/blog\/fede-e-tradizione-camaiore-si-illumina-in-occasione-della-triennale-di-gesu-morto\/\" \/>\n<meta property=\"og:site_name\" content=\"Immobiliare Casani | Propriet\u00e0 esclusive in Vendita in Versilia\" \/>\n<meta property=\"article:published_time\" content=\"2025-04-14T14:39:41+00:00\" \/>\n<meta property=\"article:modified_time\" content=\"2025-06-18T14:00:10+00:00\" \/>\n<meta property=\"og:image\" content=\"https:\/\/www.immobiliarecasani.it\/blog\/wp-content\/uploads\/2025\/04\/venerdi-santo-a-camaiore.jpeg\" \/>\n\t<meta property=\"og:image:width\" content=\"1536\" \/>\n\t<meta property=\"og:image:height\" content=\"2048\" \/>\n\t<meta property=\"og:image:type\" content=\"image\/jpeg\" \/>\n<meta name=\"author\" content=\"redazione\" \/>\n<meta name=\"twitter:card\" content=\"summary_large_image\" \/>\n<meta name=\"twitter:label1\" content=\"Scritto da\" \/>\n\t<meta name=\"twitter:data1\" content=\"redazione\" \/>\n\t<meta name=\"twitter:label2\" content=\"Tempo di lettura stimato\" \/>\n\t<meta name=\"twitter:data2\" content=\"3 minuti\" \/>\n<script type=\"application\/ld+json\" class=\"yoast-schema-graph\">{\"@context\":\"https:\/\/schema.org\",\"@graph\":[{\"@type\":\"WebPage\",\"@id\":\"https:\/\/www.immobiliarecasani.it\/blog\/fede-e-tradizione-camaiore-si-illumina-in-occasione-della-triennale-di-gesu-morto\/\",\"url\":\"https:\/\/www.immobiliarecasani.it\/blog\/fede-e-tradizione-camaiore-si-illumina-in-occasione-della-triennale-di-gesu-morto\/\",\"name\":\"Fede e tradizione: il venerd\u00ec Santo illumina Camaiore - Immobiliare Casani | Propriet\u00e0 esclusive in Vendita in Versilia\",\"isPartOf\":{\"@id\":\"https:\/\/www.immobiliarecasani.it\/blog\/#website\"},\"primaryImageOfPage\":{\"@id\":\"https:\/\/www.immobiliarecasani.it\/blog\/fede-e-tradizione-camaiore-si-illumina-in-occasione-della-triennale-di-gesu-morto\/#primaryimage\"},\"image\":{\"@id\":\"https:\/\/www.immobiliarecasani.it\/blog\/fede-e-tradizione-camaiore-si-illumina-in-occasione-della-triennale-di-gesu-morto\/#primaryimage\"},\"thumbnailUrl\":\"https:\/\/www.immobiliarecasani.it\/blog\/wp-content\/uploads\/2025\/04\/venerdi-santo-a-camaiore.jpeg\",\"datePublished\":\"2025-04-14T14:39:41+00:00\",\"dateModified\":\"2025-06-18T14:00:10+00:00\",\"author\":{\"@id\":\"https:\/\/www.immobiliarecasani.it\/blog\/#\/schema\/person\/6dcab91ced0b4208769b25d73f4cc5d9\"},\"breadcrumb\":{\"@id\":\"https:\/\/www.immobiliarecasani.it\/blog\/fede-e-tradizione-camaiore-si-illumina-in-occasione-della-triennale-di-gesu-morto\/#breadcrumb\"},\"inLanguage\":\"it-IT\",\"potentialAction\":[{\"@type\":\"ReadAction\",\"target\":[\"https:\/\/www.immobiliarecasani.it\/blog\/fede-e-tradizione-camaiore-si-illumina-in-occasione-della-triennale-di-gesu-morto\/\"]}]},{\"@type\":\"ImageObject\",\"inLanguage\":\"it-IT\",\"@id\":\"https:\/\/www.immobiliarecasani.it\/blog\/fede-e-tradizione-camaiore-si-illumina-in-occasione-della-triennale-di-gesu-morto\/#primaryimage\",\"url\":\"https:\/\/www.immobiliarecasani.it\/blog\/wp-content\/uploads\/2025\/04\/venerdi-santo-a-camaiore.jpeg\",\"contentUrl\":\"https:\/\/www.immobiliarecasani.it\/blog\/wp-content\/uploads\/2025\/04\/venerdi-santo-a-camaiore.jpeg\",\"width\":1536,\"height\":2048,\"caption\":\"venerdi\u0300 santo a camaiore\"},{\"@type\":\"BreadcrumbList\",\"@id\":\"https:\/\/www.immobiliarecasani.it\/blog\/fede-e-tradizione-camaiore-si-illumina-in-occasione-della-triennale-di-gesu-morto\/#breadcrumb\",\"itemListElement\":[{\"@type\":\"ListItem\",\"position\":1,\"name\":\"Home\",\"item\":\"https:\/\/www.immobiliarecasani.it\/blog\/\"},{\"@type\":\"ListItem\",\"position\":2,\"name\":\"Fede e tradizione: il venerd\u00ec Santo illumina Camaiore\"}]},{\"@type\":\"WebSite\",\"@id\":\"https:\/\/www.immobiliarecasani.it\/blog\/#website\",\"url\":\"https:\/\/www.immobiliarecasani.it\/blog\/\",\"name\":\"Immobiliare Casani | Propriet\u00e0 esclusive in Vendita in Versilia\",\"description\":\"tutta un&#039;altra casa\",\"potentialAction\":[{\"@type\":\"SearchAction\",\"target\":{\"@type\":\"EntryPoint\",\"urlTemplate\":\"https:\/\/www.immobiliarecasani.it\/blog\/?s={search_term_string}\"},\"query-input\":{\"@type\":\"PropertyValueSpecification\",\"valueRequired\":true,\"valueName\":\"search_term_string\"}}],\"inLanguage\":\"it-IT\"},{\"@type\":\"Person\",\"@id\":\"https:\/\/www.immobiliarecasani.it\/blog\/#\/schema\/person\/6dcab91ced0b4208769b25d73f4cc5d9\",\"name\":\"redazione\",\"image\":{\"@type\":\"ImageObject\",\"inLanguage\":\"it-IT\",\"@id\":\"https:\/\/www.immobiliarecasani.it\/blog\/#\/schema\/person\/image\/\",\"url\":\"https:\/\/secure.gravatar.com\/avatar\/32bf9a2b6e7adbb403b69e51dbb6fe45110b35b0202aff9f833359ec0ac74f7e?s=96&d=mm&r=g\",\"contentUrl\":\"https:\/\/secure.gravatar.com\/avatar\/32bf9a2b6e7adbb403b69e51dbb6fe45110b35b0202aff9f833359ec0ac74f7e?s=96&d=mm&r=g\",\"caption\":\"redazione\"},\"sameAs\":[\"https:\/\/www.immobiliarecasani.it\/blog\"],\"url\":\"https:\/\/www.immobiliarecasani.it\/blog\/author\/infoimmobiliarecasani-it\/\"}]}<\/script>\n<!-- \/ Yoast SEO plugin. -->","yoast_head_json":{"title":"Fede e tradizione: il venerd\u00ec Santo illumina Camaiore - Immobiliare Casani | Propriet\u00e0 esclusive in Vendita in Versilia","robots":{"index":"index","follow":"follow","max-snippet":"max-snippet:-1","max-image-preview":"max-image-preview:large","max-video-preview":"max-video-preview:-1"},"canonical":"https:\/\/www.immobiliarecasani.it\/blog\/fede-e-tradizione-camaiore-si-illumina-in-occasione-della-triennale-di-gesu-morto\/","og_locale":"it_IT","og_type":"article","og_title":"Fede e tradizione: il venerd\u00ec Santo illumina Camaiore - Immobiliare Casani | Propriet\u00e0 esclusive in Vendita in Versilia","og_description":"Dopo due anni di attesa, Camaiore si appresta a ospitare nuovamente la Triennale di Ges\u00f9 Morto, una delle processioni pi\u00f9 suggestive e sentite di tutta la Versilia, che affonda le sue radici nel 1500.","og_url":"https:\/\/www.immobiliarecasani.it\/blog\/fede-e-tradizione-camaiore-si-illumina-in-occasione-della-triennale-di-gesu-morto\/","og_site_name":"Immobiliare Casani | Propriet\u00e0 esclusive in Vendita in Versilia","article_published_time":"2025-04-14T14:39:41+00:00","article_modified_time":"2025-06-18T14:00:10+00:00","og_image":[{"width":1536,"height":2048,"url":"https:\/\/www.immobiliarecasani.it\/blog\/wp-content\/uploads\/2025\/04\/venerdi-santo-a-camaiore.jpeg","type":"image\/jpeg"}],"author":"redazione","twitter_card":"summary_large_image","twitter_misc":{"Scritto da":"redazione","Tempo di lettura stimato":"3 minuti"},"schema":{"@context":"https:\/\/schema.org","@graph":[{"@type":"WebPage","@id":"https:\/\/www.immobiliarecasani.it\/blog\/fede-e-tradizione-camaiore-si-illumina-in-occasione-della-triennale-di-gesu-morto\/","url":"https:\/\/www.immobiliarecasani.it\/blog\/fede-e-tradizione-camaiore-si-illumina-in-occasione-della-triennale-di-gesu-morto\/","name":"Fede e tradizione: il venerd\u00ec Santo illumina Camaiore - Immobiliare Casani | Propriet\u00e0 esclusive in Vendita in Versilia","isPartOf":{"@id":"https:\/\/www.immobiliarecasani.it\/blog\/#website"},"primaryImageOfPage":{"@id":"https:\/\/www.immobiliarecasani.it\/blog\/fede-e-tradizione-camaiore-si-illumina-in-occasione-della-triennale-di-gesu-morto\/#primaryimage"},"image":{"@id":"https:\/\/www.immobiliarecasani.it\/blog\/fede-e-tradizione-camaiore-si-illumina-in-occasione-della-triennale-di-gesu-morto\/#primaryimage"},"thumbnailUrl":"https:\/\/www.immobiliarecasani.it\/blog\/wp-content\/uploads\/2025\/04\/venerdi-santo-a-camaiore.jpeg","datePublished":"2025-04-14T14:39:41+00:00","dateModified":"2025-06-18T14:00:10+00:00","author":{"@id":"https:\/\/www.immobiliarecasani.it\/blog\/#\/schema\/person\/6dcab91ced0b4208769b25d73f4cc5d9"},"breadcrumb":{"@id":"https:\/\/www.immobiliarecasani.it\/blog\/fede-e-tradizione-camaiore-si-illumina-in-occasione-della-triennale-di-gesu-morto\/#breadcrumb"},"inLanguage":"it-IT","potentialAction":[{"@type":"ReadAction","target":["https:\/\/www.immobiliarecasani.it\/blog\/fede-e-tradizione-camaiore-si-illumina-in-occasione-della-triennale-di-gesu-morto\/"]}]},{"@type":"ImageObject","inLanguage":"it-IT","@id":"https:\/\/www.immobiliarecasani.it\/blog\/fede-e-tradizione-camaiore-si-illumina-in-occasione-della-triennale-di-gesu-morto\/#primaryimage","url":"https:\/\/www.immobiliarecasani.it\/blog\/wp-content\/uploads\/2025\/04\/venerdi-santo-a-camaiore.jpeg","contentUrl":"https:\/\/www.immobiliarecasani.it\/blog\/wp-content\/uploads\/2025\/04\/venerdi-santo-a-camaiore.jpeg","width":1536,"height":2048,"caption":"venerdi\u0300 santo a camaiore"},{"@type":"BreadcrumbList","@id":"https:\/\/www.immobiliarecasani.it\/blog\/fede-e-tradizione-camaiore-si-illumina-in-occasione-della-triennale-di-gesu-morto\/#breadcrumb","itemListElement":[{"@type":"ListItem","position":1,"name":"Home","item":"https:\/\/www.immobiliarecasani.it\/blog\/"},{"@type":"ListItem","position":2,"name":"Fede e tradizione: il venerd\u00ec Santo illumina Camaiore"}]},{"@type":"WebSite","@id":"https:\/\/www.immobiliarecasani.it\/blog\/#website","url":"https:\/\/www.immobiliarecasani.it\/blog\/","name":"Immobiliare Casani | Propriet\u00e0 esclusive in Vendita in Versilia","description":"tutta un&#039;altra casa","potentialAction":[{"@type":"SearchAction","target":{"@type":"EntryPoint","urlTemplate":"https:\/\/www.immobiliarecasani.it\/blog\/?s={search_term_string}"},"query-input":{"@type":"PropertyValueSpecification","valueRequired":true,"valueName":"search_term_string"}}],"inLanguage":"it-IT"},{"@type":"Person","@id":"https:\/\/www.immobiliarecasani.it\/blog\/#\/schema\/person\/6dcab91ced0b4208769b25d73f4cc5d9","name":"redazione","image":{"@type":"ImageObject","inLanguage":"it-IT","@id":"https:\/\/www.immobiliarecasani.it\/blog\/#\/schema\/person\/image\/","url":"https:\/\/secure.gravatar.com\/avatar\/32bf9a2b6e7adbb403b69e51dbb6fe45110b35b0202aff9f833359ec0ac74f7e?s=96&d=mm&r=g","contentUrl":"https:\/\/secure.gravatar.com\/avatar\/32bf9a2b6e7adbb403b69e51dbb6fe45110b35b0202aff9f833359ec0ac74f7e?s=96&d=mm&r=g","caption":"redazione"},"sameAs":["https:\/\/www.immobiliarecasani.it\/blog"],"url":"https:\/\/www.immobiliarecasani.it\/blog\/author\/infoimmobiliarecasani-it\/"}]}},"_links":{"self":[{"href":"https:\/\/www.immobiliarecasani.it\/blog\/wp-json\/wp\/v2\/posts\/359","targetHints":{"allow":["GET"]}}],"collection":[{"href":"https:\/\/www.immobiliarecasani.it\/blog\/wp-json\/wp\/v2\/posts"}],"about":[{"href":"https:\/\/www.immobiliarecasani.it\/blog\/wp-json\/wp\/v2\/types\/post"}],"author":[{"embeddable":true,"href":"https:\/\/www.immobiliarecasani.it\/blog\/wp-json\/wp\/v2\/users\/1"}],"replies":[{"embeddable":true,"href":"https:\/\/www.immobiliarecasani.it\/blog\/wp-json\/wp\/v2\/comments?post=359"}],"version-history":[{"count":3,"href":"https:\/\/www.immobiliarecasani.it\/blog\/wp-json\/wp\/v2\/posts\/359\/revisions"}],"predecessor-version":[{"id":365,"href":"https:\/\/www.immobiliarecasani.it\/blog\/wp-json\/wp\/v2\/posts\/359\/revisions\/365"}],"wp:featuredmedia":[{"embeddable":true,"href":"https:\/\/www.immobiliarecasani.it\/blog\/wp-json\/wp\/v2\/media\/360"}],"wp:attachment":[{"href":"https:\/\/www.immobiliarecasani.it\/blog\/wp-json\/wp\/v2\/media?parent=359"}],"wp:term":[{"taxonomy":"category","embeddable":true,"href":"https:\/\/www.immobiliarecasani.it\/blog\/wp-json\/wp\/v2\/categories?post=359"},{"taxonomy":"post_tag","embeddable":true,"href":"https:\/\/www.immobiliarecasani.it\/blog\/wp-json\/wp\/v2\/tags?post=359"}],"curies":[{"name":"wp","href":"https:\/\/api.w.org\/{rel}","templated":true}]}}