{"id":393,"date":"2025-06-10T14:56:23","date_gmt":"2025-06-10T14:56:23","guid":{"rendered":"https:\/\/www.immobiliarecasani.it\/blog\/?p=393"},"modified":"2025-06-18T13:44:16","modified_gmt":"2025-06-18T13:44:16","slug":"new-york-times-forte-dei-marmi-tra-le-mete-top-per-lestate-2025","status":"publish","type":"post","link":"https:\/\/www.immobiliarecasani.it\/blog\/new-york-times-forte-dei-marmi-tra-le-mete-top-per-lestate-2025\/","title":{"rendered":"New York Times: Forte dei Marmi tra le mete top per l&#8217;estate 2025"},"content":{"rendered":"\n<p><\/p>\n\n\n\n<p>Il celebre <a href=\"https:\/\/www.nytimes.com\" target=\"_blank\" rel=\"noreferrer noopener\"><strong>New York Times<\/strong><\/a> ha eletto l\u2019Italia come una delle destinazioni imperdibili per l\u2019estate 2025, confermando il fascino intramontabile del Belpaese agli occhi del turismo internazionale. Nel suo prestigioso elenco, il quotidiano americano ha scelto cinque localit\u00e0 simbolo della ricchezza culturale, paesaggistica ed enogastronomica italiana, definite autentiche espressioni della \u201cDolce Vita\u201d. Tra queste, ben tre si trovano in Toscana: le spiagge di Forte dei Marmi, le colline del Chianti e la bellezza mediterranea di Porto Ercole.<\/p>\n\n\n\n<p><strong><a href=\"https:\/\/www.instagram.com\/fortedeimarmi\/\" target=\"_blank\" rel=\"noreferrer noopener\">Forte dei Marmi<\/a><\/strong> emerge come la localit\u00e0 balneare pi\u00f9 raffinata della Toscana, un\u2019elegante perla affacciata sul Mar Tirreno, incastonata tra le Alpi Apuane e una lunga spiaggia sabbiosa. Il New York Times ne apprezza l\u2019atmosfera rilassata e sofisticata, perfetta per chi desidera un\u2019estate all\u2019insegna del comfort, del mare cristallino e di un lifestyle esclusivo.<\/p>\n\n\n\n<p>Ma Forte dei Marmi non \u00e8 solo spiagge: perdersi tra le sue vie o tra i banchi del mercato del mercoled\u00ec e della domenica \u00e8 un\u2019esperienza che invita a tornare a casa con una borsa mare in perfetto stile versiliano, un kimono leggero o delle ciabattine fatte a mano da un artigiana locale che rimanda a una eleganza senza tempo, come raccontava Susanna Agnelli nel suo <a href=\"https:\/\/www.oscarmondadori.it\/libri\/vestivamo-alla-marinara-susanna-agnelli\/\"><em>Vestivamo alla marinara<\/em><\/a>.<\/p>\n\n\n\n<p>Il fascino della cittadina passa anche dai suoi storici locali, primo fra tutti il <a href=\"https:\/\/www.pradagroup.com\/it\/news-media\/news-section\/23-07-09-prada-group-caffe-principe.html\" target=\"_blank\" rel=\"noreferrer noopener\"><strong>Caff\u00e8 Principe<\/strong><\/a>. Nato negli anni Trenta, questo iconico luogo ha recentemente visto un nuovo capitolo della sua storia grazie al gruppo Prada, che ne ha acquisito la propriet\u00e0 e ha affidato a un progetto di design e passione il compito di restituire alla Versilia quell\u2019antico splendore tanto caro ai fortemarmini. Oggi il Caff\u00e8 Principe \u00e8 un punto di riferimento non solo per la colazione o l\u2019aperitivo, ma anche per vivere la vibrante vita sociale della zona, in una cornice che coniuga tradizione e innovazione.<\/p>\n\n\n\n<p>Gli stabilimenti balneari di Forte dei Marmi sono altrettanto famosi: da Alpemare, rinnovato dalla famiglia Bocelli con il prestigioso ristorante Nobu, al Twiga Beach Club, nato da un\u2019idea di Flavio Briatore e oggi di propriet\u00e0 di Lmdv Capital, ogni luogo racconta una storia di stile e alta qualit\u00e0. Questi beach club offrono ai visitatori un\u2019esperienza esclusiva, con cabine private, piscine e servizi di lusso.<\/p>\n\n\n\n<p>L\u2019Italia, con le sue coste spettacolari e i suoi luoghi unici, continua a essere un faro per il turismo mondiale. Forte dei Marmi, con la sua eleganza senza tempo, \u00e8 senza dubbio una delle sue perle pi\u00f9 luminose per l\u2019estate 2025.<\/p>\n\n\n\n<p>Se cercate un soggiorno esclusivo a pochi chilometri da Forte dei Marmi, <a href=\"https:\/\/www.tuscanhouses.com\/italy\/tuscany\/camaiore\/74\/\"><strong>Villa Tomeoni<\/strong><\/a> \u00e8 la scelta ideale. Immersa nella quiete della campagna toscana, \u00e8 il rifugio perfetto per una vacanza all\u2019insegna del relax, con facile accesso a tutte le meraviglie della Versilia. E la spettacolare vista panoramica che si gode dalle terrazze, dove potrete gustare i vostri pasti ammirando le verdi colline e il mare in lontananza, vi lascer\u00e0 senza fiato!<\/p>\n\n\n\n<p><\/p>\n","protected":false},"excerpt":{"rendered":"<p>Sono cinque le localit\u00e0 italiane individuate dal celebre quotidiano. Di cui tre in Toscana.<\/p>\n<p> <a class=\"more-link\" href=\"https:\/\/www.immobiliarecasani.it\/blog\/new-york-times-forte-dei-marmi-tra-le-mete-top-per-lestate-2025\/\">Leggi tutto<\/a><\/p>","protected":false},"author":1,"featured_media":394,"comment_status":"open","ping_status":"open","sticky":false,"template":"","format":"standard","meta":{"footnotes":""},"categories":[31],"tags":[],"class_list":{"0":"post-393","1":"post","2":"type-post","3":"status-publish","4":"format-standard","5":"has-post-thumbnail","7":"category-vivere-la-versilia"},"yoast_head":"<!-- This site is optimized with the Yoast SEO plugin v24.6 - https:\/\/yoast.com\/wordpress\/plugins\/seo\/ -->\n<title>New York Times: Forte dei Marmi tra le mete top per l&#039;estate 2025 - Immobiliare Casani | Propriet\u00e0 esclusive in Vendita in Versilia<\/title>\n<meta name=\"robots\" content=\"index, follow, max-snippet:-1, max-image-preview:large, max-video-preview:-1\" \/>\n<link rel=\"canonical\" href=\"https:\/\/www.immobiliarecasani.it\/blog\/new-york-times-forte-dei-marmi-tra-le-mete-top-per-lestate-2025\/\" \/>\n<meta property=\"og:locale\" content=\"it_IT\" \/>\n<meta property=\"og:type\" content=\"article\" \/>\n<meta property=\"og:title\" content=\"New York Times: Forte dei Marmi tra le mete top per l&#039;estate 2025 - Immobiliare Casani | Propriet\u00e0 esclusive in Vendita in Versilia\" \/>\n<meta property=\"og:description\" content=\"Sono cinque le localit\u00e0 italiane individuate dal celebre quotidiano. Di cui tre in Toscana.\" \/>\n<meta property=\"og:url\" content=\"https:\/\/www.immobiliarecasani.it\/blog\/new-york-times-forte-dei-marmi-tra-le-mete-top-per-lestate-2025\/\" \/>\n<meta property=\"og:site_name\" content=\"Immobiliare Casani | Propriet\u00e0 esclusive in Vendita in Versilia\" \/>\n<meta property=\"article:published_time\" content=\"2025-06-10T14:56:23+00:00\" \/>\n<meta property=\"article:modified_time\" content=\"2025-06-18T13:44:16+00:00\" \/>\n<meta property=\"og:image\" content=\"https:\/\/www.immobiliarecasani.it\/blog\/wp-content\/uploads\/2025\/06\/caffe-principe-forte-dei-marmi.webp\" \/>\n\t<meta property=\"og:image:width\" content=\"1280\" \/>\n\t<meta property=\"og:image:height\" content=\"720\" \/>\n\t<meta property=\"og:image:type\" content=\"image\/webp\" \/>\n<meta name=\"author\" content=\"redazione\" \/>\n<meta name=\"twitter:card\" content=\"summary_large_image\" \/>\n<meta name=\"twitter:label1\" content=\"Scritto da\" \/>\n\t<meta name=\"twitter:data1\" content=\"redazione\" \/>\n\t<meta name=\"twitter:label2\" content=\"Tempo di lettura stimato\" \/>\n\t<meta name=\"twitter:data2\" content=\"3 minuti\" \/>\n<script type=\"application\/ld+json\" class=\"yoast-schema-graph\">{\"@context\":\"https:\/\/schema.org\",\"@graph\":[{\"@type\":\"WebPage\",\"@id\":\"https:\/\/www.immobiliarecasani.it\/blog\/new-york-times-forte-dei-marmi-tra-le-mete-top-per-lestate-2025\/\",\"url\":\"https:\/\/www.immobiliarecasani.it\/blog\/new-york-times-forte-dei-marmi-tra-le-mete-top-per-lestate-2025\/\",\"name\":\"New York Times: Forte dei Marmi tra le mete top per l'estate 2025 - Immobiliare Casani | Propriet\u00e0 esclusive in Vendita in Versilia\",\"isPartOf\":{\"@id\":\"https:\/\/www.immobiliarecasani.it\/blog\/#website\"},\"primaryImageOfPage\":{\"@id\":\"https:\/\/www.immobiliarecasani.it\/blog\/new-york-times-forte-dei-marmi-tra-le-mete-top-per-lestate-2025\/#primaryimage\"},\"image\":{\"@id\":\"https:\/\/www.immobiliarecasani.it\/blog\/new-york-times-forte-dei-marmi-tra-le-mete-top-per-lestate-2025\/#primaryimage\"},\"thumbnailUrl\":\"https:\/\/www.immobiliarecasani.it\/blog\/wp-content\/uploads\/2025\/06\/caffe-principe-forte-dei-marmi.webp\",\"datePublished\":\"2025-06-10T14:56:23+00:00\",\"dateModified\":\"2025-06-18T13:44:16+00:00\",\"author\":{\"@id\":\"https:\/\/www.immobiliarecasani.it\/blog\/#\/schema\/person\/6dcab91ced0b4208769b25d73f4cc5d9\"},\"breadcrumb\":{\"@id\":\"https:\/\/www.immobiliarecasani.it\/blog\/new-york-times-forte-dei-marmi-tra-le-mete-top-per-lestate-2025\/#breadcrumb\"},\"inLanguage\":\"it-IT\",\"potentialAction\":[{\"@type\":\"ReadAction\",\"target\":[\"https:\/\/www.immobiliarecasani.it\/blog\/new-york-times-forte-dei-marmi-tra-le-mete-top-per-lestate-2025\/\"]}]},{\"@type\":\"ImageObject\",\"inLanguage\":\"it-IT\",\"@id\":\"https:\/\/www.immobiliarecasani.it\/blog\/new-york-times-forte-dei-marmi-tra-le-mete-top-per-lestate-2025\/#primaryimage\",\"url\":\"https:\/\/www.immobiliarecasani.it\/blog\/wp-content\/uploads\/2025\/06\/caffe-principe-forte-dei-marmi.webp\",\"contentUrl\":\"https:\/\/www.immobiliarecasani.it\/blog\/wp-content\/uploads\/2025\/06\/caffe-principe-forte-dei-marmi.webp\",\"width\":1280,\"height\":720,\"caption\":\"caffe principe forte dei marmi\"},{\"@type\":\"BreadcrumbList\",\"@id\":\"https:\/\/www.immobiliarecasani.it\/blog\/new-york-times-forte-dei-marmi-tra-le-mete-top-per-lestate-2025\/#breadcrumb\",\"itemListElement\":[{\"@type\":\"ListItem\",\"position\":1,\"name\":\"Home\",\"item\":\"https:\/\/www.immobiliarecasani.it\/blog\/\"},{\"@type\":\"ListItem\",\"position\":2,\"name\":\"New York Times: Forte dei Marmi tra le mete top per l&#8217;estate 2025\"}]},{\"@type\":\"WebSite\",\"@id\":\"https:\/\/www.immobiliarecasani.it\/blog\/#website\",\"url\":\"https:\/\/www.immobiliarecasani.it\/blog\/\",\"name\":\"Immobiliare Casani | Propriet\u00e0 esclusive in Vendita in Versilia\",\"description\":\"tutta un&#039;altra casa\",\"potentialAction\":[{\"@type\":\"SearchAction\",\"target\":{\"@type\":\"EntryPoint\",\"urlTemplate\":\"https:\/\/www.immobiliarecasani.it\/blog\/?s={search_term_string}\"},\"query-input\":{\"@type\":\"PropertyValueSpecification\",\"valueRequired\":true,\"valueName\":\"search_term_string\"}}],\"inLanguage\":\"it-IT\"},{\"@type\":\"Person\",\"@id\":\"https:\/\/www.immobiliarecasani.it\/blog\/#\/schema\/person\/6dcab91ced0b4208769b25d73f4cc5d9\",\"name\":\"redazione\",\"image\":{\"@type\":\"ImageObject\",\"inLanguage\":\"it-IT\",\"@id\":\"https:\/\/www.immobiliarecasani.it\/blog\/#\/schema\/person\/image\/\",\"url\":\"https:\/\/secure.gravatar.com\/avatar\/32bf9a2b6e7adbb403b69e51dbb6fe45110b35b0202aff9f833359ec0ac74f7e?s=96&d=mm&r=g\",\"contentUrl\":\"https:\/\/secure.gravatar.com\/avatar\/32bf9a2b6e7adbb403b69e51dbb6fe45110b35b0202aff9f833359ec0ac74f7e?s=96&d=mm&r=g\",\"caption\":\"redazione\"},\"sameAs\":[\"https:\/\/www.immobiliarecasani.it\/blog\"],\"url\":\"https:\/\/www.immobiliarecasani.it\/blog\/author\/infoimmobiliarecasani-it\/\"}]}<\/script>\n<!-- \/ Yoast SEO plugin. -->","yoast_head_json":{"title":"New York Times: Forte dei Marmi tra le mete top per l'estate 2025 - Immobiliare Casani | Propriet\u00e0 esclusive in Vendita in Versilia","robots":{"index":"index","follow":"follow","max-snippet":"max-snippet:-1","max-image-preview":"max-image-preview:large","max-video-preview":"max-video-preview:-1"},"canonical":"https:\/\/www.immobiliarecasani.it\/blog\/new-york-times-forte-dei-marmi-tra-le-mete-top-per-lestate-2025\/","og_locale":"it_IT","og_type":"article","og_title":"New York Times: Forte dei Marmi tra le mete top per l'estate 2025 - Immobiliare Casani | Propriet\u00e0 esclusive in Vendita in Versilia","og_description":"Sono cinque le localit\u00e0 italiane individuate dal celebre quotidiano. Di cui tre in Toscana.","og_url":"https:\/\/www.immobiliarecasani.it\/blog\/new-york-times-forte-dei-marmi-tra-le-mete-top-per-lestate-2025\/","og_site_name":"Immobiliare Casani | Propriet\u00e0 esclusive in Vendita in Versilia","article_published_time":"2025-06-10T14:56:23+00:00","article_modified_time":"2025-06-18T13:44:16+00:00","og_image":[{"width":1280,"height":720,"url":"https:\/\/www.immobiliarecasani.it\/blog\/wp-content\/uploads\/2025\/06\/caffe-principe-forte-dei-marmi.webp","type":"image\/webp"}],"author":"redazione","twitter_card":"summary_large_image","twitter_misc":{"Scritto da":"redazione","Tempo di lettura stimato":"3 minuti"},"schema":{"@context":"https:\/\/schema.org","@graph":[{"@type":"WebPage","@id":"https:\/\/www.immobiliarecasani.it\/blog\/new-york-times-forte-dei-marmi-tra-le-mete-top-per-lestate-2025\/","url":"https:\/\/www.immobiliarecasani.it\/blog\/new-york-times-forte-dei-marmi-tra-le-mete-top-per-lestate-2025\/","name":"New York Times: Forte dei Marmi tra le mete top per l'estate 2025 - Immobiliare Casani | Propriet\u00e0 esclusive in Vendita in Versilia","isPartOf":{"@id":"https:\/\/www.immobiliarecasani.it\/blog\/#website"},"primaryImageOfPage":{"@id":"https:\/\/www.immobiliarecasani.it\/blog\/new-york-times-forte-dei-marmi-tra-le-mete-top-per-lestate-2025\/#primaryimage"},"image":{"@id":"https:\/\/www.immobiliarecasani.it\/blog\/new-york-times-forte-dei-marmi-tra-le-mete-top-per-lestate-2025\/#primaryimage"},"thumbnailUrl":"https:\/\/www.immobiliarecasani.it\/blog\/wp-content\/uploads\/2025\/06\/caffe-principe-forte-dei-marmi.webp","datePublished":"2025-06-10T14:56:23+00:00","dateModified":"2025-06-18T13:44:16+00:00","author":{"@id":"https:\/\/www.immobiliarecasani.it\/blog\/#\/schema\/person\/6dcab91ced0b4208769b25d73f4cc5d9"},"breadcrumb":{"@id":"https:\/\/www.immobiliarecasani.it\/blog\/new-york-times-forte-dei-marmi-tra-le-mete-top-per-lestate-2025\/#breadcrumb"},"inLanguage":"it-IT","potentialAction":[{"@type":"ReadAction","target":["https:\/\/www.immobiliarecasani.it\/blog\/new-york-times-forte-dei-marmi-tra-le-mete-top-per-lestate-2025\/"]}]},{"@type":"ImageObject","inLanguage":"it-IT","@id":"https:\/\/www.immobiliarecasani.it\/blog\/new-york-times-forte-dei-marmi-tra-le-mete-top-per-lestate-2025\/#primaryimage","url":"https:\/\/www.immobiliarecasani.it\/blog\/wp-content\/uploads\/2025\/06\/caffe-principe-forte-dei-marmi.webp","contentUrl":"https:\/\/www.immobiliarecasani.it\/blog\/wp-content\/uploads\/2025\/06\/caffe-principe-forte-dei-marmi.webp","width":1280,"height":720,"caption":"caffe principe forte dei marmi"},{"@type":"BreadcrumbList","@id":"https:\/\/www.immobiliarecasani.it\/blog\/new-york-times-forte-dei-marmi-tra-le-mete-top-per-lestate-2025\/#breadcrumb","itemListElement":[{"@type":"ListItem","position":1,"name":"Home","item":"https:\/\/www.immobiliarecasani.it\/blog\/"},{"@type":"ListItem","position":2,"name":"New York Times: Forte dei Marmi tra le mete top per l&#8217;estate 2025"}]},{"@type":"WebSite","@id":"https:\/\/www.immobiliarecasani.it\/blog\/#website","url":"https:\/\/www.immobiliarecasani.it\/blog\/","name":"Immobiliare Casani | Propriet\u00e0 esclusive in Vendita in Versilia","description":"tutta un&#039;altra casa","potentialAction":[{"@type":"SearchAction","target":{"@type":"EntryPoint","urlTemplate":"https:\/\/www.immobiliarecasani.it\/blog\/?s={search_term_string}"},"query-input":{"@type":"PropertyValueSpecification","valueRequired":true,"valueName":"search_term_string"}}],"inLanguage":"it-IT"},{"@type":"Person","@id":"https:\/\/www.immobiliarecasani.it\/blog\/#\/schema\/person\/6dcab91ced0b4208769b25d73f4cc5d9","name":"redazione","image":{"@type":"ImageObject","inLanguage":"it-IT","@id":"https:\/\/www.immobiliarecasani.it\/blog\/#\/schema\/person\/image\/","url":"https:\/\/secure.gravatar.com\/avatar\/32bf9a2b6e7adbb403b69e51dbb6fe45110b35b0202aff9f833359ec0ac74f7e?s=96&d=mm&r=g","contentUrl":"https:\/\/secure.gravatar.com\/avatar\/32bf9a2b6e7adbb403b69e51dbb6fe45110b35b0202aff9f833359ec0ac74f7e?s=96&d=mm&r=g","caption":"redazione"},"sameAs":["https:\/\/www.immobiliarecasani.it\/blog"],"url":"https:\/\/www.immobiliarecasani.it\/blog\/author\/infoimmobiliarecasani-it\/"}]}},"_links":{"self":[{"href":"https:\/\/www.immobiliarecasani.it\/blog\/wp-json\/wp\/v2\/posts\/393","targetHints":{"allow":["GET"]}}],"collection":[{"href":"https:\/\/www.immobiliarecasani.it\/blog\/wp-json\/wp\/v2\/posts"}],"about":[{"href":"https:\/\/www.immobiliarecasani.it\/blog\/wp-json\/wp\/v2\/types\/post"}],"author":[{"embeddable":true,"href":"https:\/\/www.immobiliarecasani.it\/blog\/wp-json\/wp\/v2\/users\/1"}],"replies":[{"embeddable":true,"href":"https:\/\/www.immobiliarecasani.it\/blog\/wp-json\/wp\/v2\/comments?post=393"}],"version-history":[{"count":2,"href":"https:\/\/www.immobiliarecasani.it\/blog\/wp-json\/wp\/v2\/posts\/393\/revisions"}],"predecessor-version":[{"id":397,"href":"https:\/\/www.immobiliarecasani.it\/blog\/wp-json\/wp\/v2\/posts\/393\/revisions\/397"}],"wp:featuredmedia":[{"embeddable":true,"href":"https:\/\/www.immobiliarecasani.it\/blog\/wp-json\/wp\/v2\/media\/394"}],"wp:attachment":[{"href":"https:\/\/www.immobiliarecasani.it\/blog\/wp-json\/wp\/v2\/media?parent=393"}],"wp:term":[{"taxonomy":"category","embeddable":true,"href":"https:\/\/www.immobiliarecasani.it\/blog\/wp-json\/wp\/v2\/categories?post=393"},{"taxonomy":"post_tag","embeddable":true,"href":"https:\/\/www.immobiliarecasani.it\/blog\/wp-json\/wp\/v2\/tags?post=393"}],"curies":[{"name":"wp","href":"https:\/\/api.w.org\/{rel}","templated":true}]}}