{"id":514,"date":"2025-08-31T06:40:40","date_gmt":"2025-08-31T06:40:40","guid":{"rendered":"https:\/\/www.immobiliarecasani.it\/blog\/?p=514"},"modified":"2025-09-01T07:38:55","modified_gmt":"2025-09-01T07:38:55","slug":"versilia-a-settembre","status":"publish","type":"post","link":"https:\/\/www.immobiliarecasani.it\/blog\/versilia-a-settembre\/","title":{"rendered":"Versilia a settembre. Perch\u00e9 sceglierla adesso?"},"content":{"rendered":"\n<p>Settembre \u00e8 uno dei mesi pi\u00f9 belli per vivere la Versilia. Le giornate restano luminose, il mare conserva il tepore estivo e l\u2019atmosfera diventa pi\u00f9 rilassata, lontana dal ritmo intenso di luglio e agosto. \u00c8 il momento ideale per chi ama la natura, la cultura e la buona cucina, ma vuole godersi il territorio con pi\u00f9 calma.<\/p>\n\n\n\n<h3 class=\"wp-block-heading\">Il mare e le spiagge<\/h3>\n\n\n\n<p>Le spiagge della Versilia si estendono per circa 20 chilometri lungo la costa toscana, da Torre del Lago Puccini fino a Marina di Massa. Sono ampie, dorate, perfette per passeggiare o correre sul bagnasciuga. A settembre l\u2019affollamento estivo lascia spazio alla tranquillit\u00e0: un\u2019occasione per apprezzare davvero la bellezza di localit\u00e0 iconiche come Viareggio e Forte dei Marmi.<\/p>\n\n\n\n<h3 class=\"wp-block-heading\">Passeggiate nella natura selvaggia<\/h3>\n\n\n\n<p>Da Viareggio parte un affascinante percorso che attraversa la Riserva Naturale della Lecciona, cuore del Parco Regionale Migliarino San Rossore Massaciuccoli. \u00c8 un sentiero di grande valore ambientale e naturalistico perch\u00e9 permette di attraversare tutti gli ecosistemi del Parco: dal bosco mediterraneo fino alla spiaggia libera della Lecciona, considerata una delle pi\u00f9 belle della Toscana per il suo stato naturale incontaminato.<br>Il percorso inizia dal Viale dei Tigli, davanti a Villa Borbone, e si snoda tra ponticelli in legno che attraversano le \u201clame\u201d, depressioni che d\u2019inverno si riempiono d\u2019acqua e in cui la vegetazione cresce rigogliosa. Camminando qui, si ha la sensazione di entrare in un paesaggio sospeso, tra mare e foresta.<\/p>\n\n\n\n<h3 class=\"wp-block-heading\">Borghi e citt\u00e0 d\u2019arte<\/h3>\n\n\n\n<p>Oltre al mare, la Versilia offre piccoli tesori da scoprire. Pietrasanta \u00e8 uno di questi: citt\u00e0 d\u2019arte e capitale della scultura, ospita botteghe di artisti, gallerie e mostre. Ogni prima domenica del mese il centro storico si anima con <strong>Antiquari a Pietrasanta<\/strong>, mercatino che riempie Piazza Statuto, Piazza Crispi e la Passeggiata di Afrodite con stand di antiquariato, vintage, gioielli, porcellane e oggetti di modernariato. Un appuntamento imperdibile per gli appassionati di arte e collezionismo.<\/p>\n\n\n\n<h3 class=\"wp-block-heading\">Eventi di settembre: tra tradizioni e cammini<\/h3>\n\n\n\n<p>Settembre \u00e8 anche il mese di eventi che valorizzano storia e tradizioni locali. Tra i pi\u00f9 suggestivi:<\/p>\n\n\n\n<ul class=\"wp-block-list\">\n<li>Le sagre e i mercatini di paese, perfetti per scoprire prodotti tipici e assaporare la cucina locale.<\/li>\n\n\n\n<li><strong>FrancigenAmica a Camaiore<\/strong>, una passeggiata che promuove il tratto camaiorese della Via Francigena, con percorsi guidati tra natura, borghi e storia.<\/li>\n<\/ul>\n\n\n\n<h3 class=\"wp-block-heading\">La Via Francigena: un percorso che unisce storia e natura<\/h3>\n\n\n\n<p>La <strong>Via Francigena<\/strong>, storico itinerario che collegava Canterbury a Roma, attraversa anche la Versilia , con tappe ricche di fascino. Partendo dalla Liguria fino a Lucca, camminare o pedalare su questi sentieri significa immergersi in panorami che spaziano dal mare alle montagne. Combina paesaggi, cultura e spiritualit\u00e0 in un viaggio senza tempo e si pu\u00f2 percorrere a piedi o in bicicletta.<\/p>\n\n\n\n<h3 class=\"wp-block-heading\">Sapori d\u2019autunno in Versilia<\/h3>\n\n\n\n<p>Settembre \u00e8 anche il mese in cui tornano le sagre dedicate ai prodotti di stagione: vino, olio nuovo, funghi, tartufi, polenta e specialit\u00e0 locali. Lungo la costa, i ristoranti continuano a proporre pesce fresco e ricette tradizionali, mentre nell\u2019entroterra si riscopre la cucina rustica toscana.<\/p>\n\n\n\n<h2 class=\"wp-block-heading\">FAQ sulla Versilia a settembre<\/h2>\n\n\n\n<ul class=\"wp-block-list\">\n<li><strong>Quali sono le spiagge pi\u00f9 belle della Versilia a settembre?<\/strong><br>Tra le pi\u00f9 amate ci sono la spiaggia libera della Lecciona a Viareggio, le spiagge attrezzate di Forte dei Marmi e il litorale di Marina di Pietrasanta.<\/li>\n\n\n\n<li><strong>Cosa fare in Versilia oltre al mare?<\/strong><br>Si possono visitare borghi come Pietrasanta, scoprire Lucca e i suoi tesori storici, fare trekking sulle Alpi Apuane o percorrere tratti della Via Francigena.<\/li>\n\n\n\n<li><strong>Quali eventi ci sono in Versilia a settembre?<\/strong><br>Spiccano la passeggiata FrancigenAmica a Camaiore, i mercatini di antiquariato di Pietrasanta e le sagre dedicate ai prodotti tipici della stagione.<\/li>\n\n\n\n<li><strong>La Versilia \u00e8 adatta anche a chi ama la natura?<\/strong><br>S\u00ec: la Riserva della Lecciona e il Parco di Migliarino San Rossore offrono sentieri e habitat naturali di grande fascino.<\/li>\n<\/ul>\n\n\n\n<p>Che tu stia pensando a <strong>una vacanza<\/strong>, a un <strong>soggiorno pi\u00f9 lungo<\/strong> o persino a un <strong>investimento immobiliare<\/strong>, questo \u00e8 il momento ideale per scoprirne la bellezza senza fretta! Dai un\u2019occhiata alle nostre proposte immobiliari: <strong>case e appartamenti selezionati, perfetti per goderti questo angolo di Toscana in ogni stagione.<\/strong><\/p>\n\n\n\n<p><\/p>\n","protected":false},"excerpt":{"rendered":"<p>La Versilia a settembre regala un mix unico di mare, natura, cultura e buon cibo. Ecco i motivi per visitarla<\/p>\n<p> <a class=\"more-link\" href=\"https:\/\/www.immobiliarecasani.it\/blog\/versilia-a-settembre\/\">Leggi tutto<\/a><\/p>","protected":false},"author":1,"featured_media":520,"comment_status":"open","ping_status":"open","sticky":false,"template":"","format":"standard","meta":{"footnotes":""},"categories":[31],"tags":[],"class_list":{"0":"post-514","1":"post","2":"type-post","3":"status-publish","4":"format-standard","5":"has-post-thumbnail","7":"category-vivere-la-versilia"},"yoast_head":"<!-- This site is optimized with the Yoast SEO plugin v24.6 - https:\/\/yoast.com\/wordpress\/plugins\/seo\/ -->\n<title>Versilia a settembre. Perch\u00e9 sceglierla adesso? - Immobiliare Casani | Propriet\u00e0 esclusive in Vendita in Versilia<\/title>\n<meta name=\"description\" content=\"Scopri la Versilia a settembre: spiagge tranquille, natura, borghi d\u2019arte, eventi e sapori tipici. Vivi o acquista la tua casa in Toscana.\" \/>\n<meta name=\"robots\" content=\"index, follow, max-snippet:-1, max-image-preview:large, max-video-preview:-1\" \/>\n<link rel=\"canonical\" href=\"https:\/\/www.immobiliarecasani.it\/blog\/versilia-a-settembre\/\" \/>\n<meta property=\"og:locale\" content=\"it_IT\" \/>\n<meta property=\"og:type\" content=\"article\" \/>\n<meta property=\"og:title\" content=\"Versilia a settembre. Perch\u00e9 sceglierla adesso? - Immobiliare Casani | Propriet\u00e0 esclusive in Vendita in Versilia\" \/>\n<meta property=\"og:description\" content=\"Scopri la Versilia a settembre: spiagge tranquille, natura, borghi d\u2019arte, eventi e sapori tipici. Vivi o acquista la tua casa in Toscana.\" \/>\n<meta property=\"og:url\" content=\"https:\/\/www.immobiliarecasani.it\/blog\/versilia-a-settembre\/\" \/>\n<meta property=\"og:site_name\" content=\"Immobiliare Casani | Propriet\u00e0 esclusive in Vendita in Versilia\" \/>\n<meta property=\"article:published_time\" content=\"2025-08-31T06:40:40+00:00\" \/>\n<meta property=\"article:modified_time\" content=\"2025-09-01T07:38:55+00:00\" \/>\n<meta property=\"og:image\" content=\"https:\/\/www.immobiliarecasani.it\/blog\/wp-content\/uploads\/2025\/08\/settembre-in-versilia-casa-amaranta.webp\" \/>\n\t<meta property=\"og:image:width\" content=\"1400\" \/>\n\t<meta property=\"og:image:height\" content=\"1050\" \/>\n\t<meta property=\"og:image:type\" content=\"image\/webp\" \/>\n<meta name=\"author\" content=\"redazione\" \/>\n<meta name=\"twitter:card\" content=\"summary_large_image\" \/>\n<meta name=\"twitter:label1\" content=\"Scritto da\" \/>\n\t<meta name=\"twitter:data1\" content=\"redazione\" \/>\n\t<meta name=\"twitter:label2\" content=\"Tempo di lettura stimato\" \/>\n\t<meta name=\"twitter:data2\" content=\"4 minuti\" \/>\n<script type=\"application\/ld+json\" class=\"yoast-schema-graph\">{\"@context\":\"https:\/\/schema.org\",\"@graph\":[{\"@type\":\"WebPage\",\"@id\":\"https:\/\/www.immobiliarecasani.it\/blog\/versilia-a-settembre\/\",\"url\":\"https:\/\/www.immobiliarecasani.it\/blog\/versilia-a-settembre\/\",\"name\":\"Versilia a settembre. Perch\u00e9 sceglierla adesso? - Immobiliare Casani | Propriet\u00e0 esclusive in Vendita in Versilia\",\"isPartOf\":{\"@id\":\"https:\/\/www.immobiliarecasani.it\/blog\/#website\"},\"primaryImageOfPage\":{\"@id\":\"https:\/\/www.immobiliarecasani.it\/blog\/versilia-a-settembre\/#primaryimage\"},\"image\":{\"@id\":\"https:\/\/www.immobiliarecasani.it\/blog\/versilia-a-settembre\/#primaryimage\"},\"thumbnailUrl\":\"https:\/\/www.immobiliarecasani.it\/blog\/wp-content\/uploads\/2025\/08\/settembre-in-versilia-casa-amaranta.webp\",\"datePublished\":\"2025-08-31T06:40:40+00:00\",\"dateModified\":\"2025-09-01T07:38:55+00:00\",\"author\":{\"@id\":\"https:\/\/www.immobiliarecasani.it\/blog\/#\/schema\/person\/6dcab91ced0b4208769b25d73f4cc5d9\"},\"description\":\"Scopri la Versilia a settembre: spiagge tranquille, natura, borghi d\u2019arte, eventi e sapori tipici. Vivi o acquista la tua casa in Toscana.\",\"breadcrumb\":{\"@id\":\"https:\/\/www.immobiliarecasani.it\/blog\/versilia-a-settembre\/#breadcrumb\"},\"inLanguage\":\"it-IT\",\"potentialAction\":[{\"@type\":\"ReadAction\",\"target\":[\"https:\/\/www.immobiliarecasani.it\/blog\/versilia-a-settembre\/\"]}]},{\"@type\":\"ImageObject\",\"inLanguage\":\"it-IT\",\"@id\":\"https:\/\/www.immobiliarecasani.it\/blog\/versilia-a-settembre\/#primaryimage\",\"url\":\"https:\/\/www.immobiliarecasani.it\/blog\/wp-content\/uploads\/2025\/08\/settembre-in-versilia-casa-amaranta.webp\",\"contentUrl\":\"https:\/\/www.immobiliarecasani.it\/blog\/wp-content\/uploads\/2025\/08\/settembre-in-versilia-casa-amaranta.webp\",\"width\":1400,\"height\":1050,\"caption\":\"settembre in versilia casa amaranta\"},{\"@type\":\"BreadcrumbList\",\"@id\":\"https:\/\/www.immobiliarecasani.it\/blog\/versilia-a-settembre\/#breadcrumb\",\"itemListElement\":[{\"@type\":\"ListItem\",\"position\":1,\"name\":\"Home\",\"item\":\"https:\/\/www.immobiliarecasani.it\/blog\/\"},{\"@type\":\"ListItem\",\"position\":2,\"name\":\"Versilia a settembre. Perch\u00e9 sceglierla adesso?\"}]},{\"@type\":\"WebSite\",\"@id\":\"https:\/\/www.immobiliarecasani.it\/blog\/#website\",\"url\":\"https:\/\/www.immobiliarecasani.it\/blog\/\",\"name\":\"Immobiliare Casani | Propriet\u00e0 esclusive in Vendita in Versilia\",\"description\":\"tutta un&#039;altra casa\",\"potentialAction\":[{\"@type\":\"SearchAction\",\"target\":{\"@type\":\"EntryPoint\",\"urlTemplate\":\"https:\/\/www.immobiliarecasani.it\/blog\/?s={search_term_string}\"},\"query-input\":{\"@type\":\"PropertyValueSpecification\",\"valueRequired\":true,\"valueName\":\"search_term_string\"}}],\"inLanguage\":\"it-IT\"},{\"@type\":\"Person\",\"@id\":\"https:\/\/www.immobiliarecasani.it\/blog\/#\/schema\/person\/6dcab91ced0b4208769b25d73f4cc5d9\",\"name\":\"redazione\",\"image\":{\"@type\":\"ImageObject\",\"inLanguage\":\"it-IT\",\"@id\":\"https:\/\/www.immobiliarecasani.it\/blog\/#\/schema\/person\/image\/\",\"url\":\"https:\/\/secure.gravatar.com\/avatar\/32bf9a2b6e7adbb403b69e51dbb6fe45110b35b0202aff9f833359ec0ac74f7e?s=96&d=mm&r=g\",\"contentUrl\":\"https:\/\/secure.gravatar.com\/avatar\/32bf9a2b6e7adbb403b69e51dbb6fe45110b35b0202aff9f833359ec0ac74f7e?s=96&d=mm&r=g\",\"caption\":\"redazione\"},\"sameAs\":[\"https:\/\/www.immobiliarecasani.it\/blog\"],\"url\":\"https:\/\/www.immobiliarecasani.it\/blog\/author\/infoimmobiliarecasani-it\/\"}]}<\/script>\n<!-- \/ Yoast SEO plugin. -->","yoast_head_json":{"title":"Versilia a settembre. Perch\u00e9 sceglierla adesso? - Immobiliare Casani | Propriet\u00e0 esclusive in Vendita in Versilia","description":"Scopri la Versilia a settembre: spiagge tranquille, natura, borghi d\u2019arte, eventi e sapori tipici. Vivi o acquista la tua casa in Toscana.","robots":{"index":"index","follow":"follow","max-snippet":"max-snippet:-1","max-image-preview":"max-image-preview:large","max-video-preview":"max-video-preview:-1"},"canonical":"https:\/\/www.immobiliarecasani.it\/blog\/versilia-a-settembre\/","og_locale":"it_IT","og_type":"article","og_title":"Versilia a settembre. Perch\u00e9 sceglierla adesso? - Immobiliare Casani | Propriet\u00e0 esclusive in Vendita in Versilia","og_description":"Scopri la Versilia a settembre: spiagge tranquille, natura, borghi d\u2019arte, eventi e sapori tipici. Vivi o acquista la tua casa in Toscana.","og_url":"https:\/\/www.immobiliarecasani.it\/blog\/versilia-a-settembre\/","og_site_name":"Immobiliare Casani | Propriet\u00e0 esclusive in Vendita in Versilia","article_published_time":"2025-08-31T06:40:40+00:00","article_modified_time":"2025-09-01T07:38:55+00:00","og_image":[{"width":1400,"height":1050,"url":"https:\/\/www.immobiliarecasani.it\/blog\/wp-content\/uploads\/2025\/08\/settembre-in-versilia-casa-amaranta.webp","type":"image\/webp"}],"author":"redazione","twitter_card":"summary_large_image","twitter_misc":{"Scritto da":"redazione","Tempo di lettura stimato":"4 minuti"},"schema":{"@context":"https:\/\/schema.org","@graph":[{"@type":"WebPage","@id":"https:\/\/www.immobiliarecasani.it\/blog\/versilia-a-settembre\/","url":"https:\/\/www.immobiliarecasani.it\/blog\/versilia-a-settembre\/","name":"Versilia a settembre. Perch\u00e9 sceglierla adesso? - Immobiliare Casani | Propriet\u00e0 esclusive in Vendita in Versilia","isPartOf":{"@id":"https:\/\/www.immobiliarecasani.it\/blog\/#website"},"primaryImageOfPage":{"@id":"https:\/\/www.immobiliarecasani.it\/blog\/versilia-a-settembre\/#primaryimage"},"image":{"@id":"https:\/\/www.immobiliarecasani.it\/blog\/versilia-a-settembre\/#primaryimage"},"thumbnailUrl":"https:\/\/www.immobiliarecasani.it\/blog\/wp-content\/uploads\/2025\/08\/settembre-in-versilia-casa-amaranta.webp","datePublished":"2025-08-31T06:40:40+00:00","dateModified":"2025-09-01T07:38:55+00:00","author":{"@id":"https:\/\/www.immobiliarecasani.it\/blog\/#\/schema\/person\/6dcab91ced0b4208769b25d73f4cc5d9"},"description":"Scopri la Versilia a settembre: spiagge tranquille, natura, borghi d\u2019arte, eventi e sapori tipici. Vivi o acquista la tua casa in Toscana.","breadcrumb":{"@id":"https:\/\/www.immobiliarecasani.it\/blog\/versilia-a-settembre\/#breadcrumb"},"inLanguage":"it-IT","potentialAction":[{"@type":"ReadAction","target":["https:\/\/www.immobiliarecasani.it\/blog\/versilia-a-settembre\/"]}]},{"@type":"ImageObject","inLanguage":"it-IT","@id":"https:\/\/www.immobiliarecasani.it\/blog\/versilia-a-settembre\/#primaryimage","url":"https:\/\/www.immobiliarecasani.it\/blog\/wp-content\/uploads\/2025\/08\/settembre-in-versilia-casa-amaranta.webp","contentUrl":"https:\/\/www.immobiliarecasani.it\/blog\/wp-content\/uploads\/2025\/08\/settembre-in-versilia-casa-amaranta.webp","width":1400,"height":1050,"caption":"settembre in versilia casa amaranta"},{"@type":"BreadcrumbList","@id":"https:\/\/www.immobiliarecasani.it\/blog\/versilia-a-settembre\/#breadcrumb","itemListElement":[{"@type":"ListItem","position":1,"name":"Home","item":"https:\/\/www.immobiliarecasani.it\/blog\/"},{"@type":"ListItem","position":2,"name":"Versilia a settembre. Perch\u00e9 sceglierla adesso?"}]},{"@type":"WebSite","@id":"https:\/\/www.immobiliarecasani.it\/blog\/#website","url":"https:\/\/www.immobiliarecasani.it\/blog\/","name":"Immobiliare Casani | Propriet\u00e0 esclusive in Vendita in Versilia","description":"tutta un&#039;altra casa","potentialAction":[{"@type":"SearchAction","target":{"@type":"EntryPoint","urlTemplate":"https:\/\/www.immobiliarecasani.it\/blog\/?s={search_term_string}"},"query-input":{"@type":"PropertyValueSpecification","valueRequired":true,"valueName":"search_term_string"}}],"inLanguage":"it-IT"},{"@type":"Person","@id":"https:\/\/www.immobiliarecasani.it\/blog\/#\/schema\/person\/6dcab91ced0b4208769b25d73f4cc5d9","name":"redazione","image":{"@type":"ImageObject","inLanguage":"it-IT","@id":"https:\/\/www.immobiliarecasani.it\/blog\/#\/schema\/person\/image\/","url":"https:\/\/secure.gravatar.com\/avatar\/32bf9a2b6e7adbb403b69e51dbb6fe45110b35b0202aff9f833359ec0ac74f7e?s=96&d=mm&r=g","contentUrl":"https:\/\/secure.gravatar.com\/avatar\/32bf9a2b6e7adbb403b69e51dbb6fe45110b35b0202aff9f833359ec0ac74f7e?s=96&d=mm&r=g","caption":"redazione"},"sameAs":["https:\/\/www.immobiliarecasani.it\/blog"],"url":"https:\/\/www.immobiliarecasani.it\/blog\/author\/infoimmobiliarecasani-it\/"}]}},"_links":{"self":[{"href":"https:\/\/www.immobiliarecasani.it\/blog\/wp-json\/wp\/v2\/posts\/514","targetHints":{"allow":["GET"]}}],"collection":[{"href":"https:\/\/www.immobiliarecasani.it\/blog\/wp-json\/wp\/v2\/posts"}],"about":[{"href":"https:\/\/www.immobiliarecasani.it\/blog\/wp-json\/wp\/v2\/types\/post"}],"author":[{"embeddable":true,"href":"https:\/\/www.immobiliarecasani.it\/blog\/wp-json\/wp\/v2\/users\/1"}],"replies":[{"embeddable":true,"href":"https:\/\/www.immobiliarecasani.it\/blog\/wp-json\/wp\/v2\/comments?post=514"}],"version-history":[{"count":5,"href":"https:\/\/www.immobiliarecasani.it\/blog\/wp-json\/wp\/v2\/posts\/514\/revisions"}],"predecessor-version":[{"id":519,"href":"https:\/\/www.immobiliarecasani.it\/blog\/wp-json\/wp\/v2\/posts\/514\/revisions\/519"}],"wp:featuredmedia":[{"embeddable":true,"href":"https:\/\/www.immobiliarecasani.it\/blog\/wp-json\/wp\/v2\/media\/520"}],"wp:attachment":[{"href":"https:\/\/www.immobiliarecasani.it\/blog\/wp-json\/wp\/v2\/media?parent=514"}],"wp:term":[{"taxonomy":"category","embeddable":true,"href":"https:\/\/www.immobiliarecasani.it\/blog\/wp-json\/wp\/v2\/categories?post=514"},{"taxonomy":"post_tag","embeddable":true,"href":"https:\/\/www.immobiliarecasani.it\/blog\/wp-json\/wp\/v2\/tags?post=514"}],"curies":[{"name":"wp","href":"https:\/\/api.w.org\/{rel}","templated":true}]}}