{"id":525,"date":"2025-09-17T17:00:43","date_gmt":"2025-09-17T17:00:43","guid":{"rendered":"https:\/\/www.immobiliarecasani.it\/blog\/?p=525"},"modified":"2025-09-17T17:25:38","modified_gmt":"2025-09-17T17:25:38","slug":"versilia-il-mattone-non-molla","status":"publish","type":"post","link":"https:\/\/www.immobiliarecasani.it\/blog\/versilia-il-mattone-non-molla\/","title":{"rendered":"Versilia, il mattone non molla"},"content":{"rendered":"\n<p>Stabile, selettivo e resiliente:  in base ai dati del primo semestre 2025, il mercato immobiliare tiene anche nel 2025.<\/p>\n\n\n\n<p>L\u2019articolo pubblicato da <strong>Il Tirreno<\/strong>, che riportiamo integralmente, fotografa con chiarezza le dinamiche del momento e conferma il ruolo della nostra zona come uno dei mercati pi\u00f9 attivi e attrattivi d\u2019Italia.<br>Ringraziamo la redazione per l\u2019attenzione che continua a dedicare al nostro settore e per lo spazio riservato a questa analisi sullo stato del mercato immobiliare residenziale nella provincia di Lucca, con un focus particolare sulla Versilia, che mette in luce un contesto in continua evoluzione, capace di confermare la sua solidit\u00e0 anche in un periodo di assestamento a livello nazionale.<\/p>\n\n\n\n<p>Nel pezzo si evidenzia:<\/p>\n\n\n\n<ul class=\"wp-block-list\">\n<li>Una domanda sostenuta, specie per immobili di pregio e in contesti di valore;<\/li>\n\n\n\n<li>L\u2019appeal trasversale della Versilia, non solo come meta turistica, ma anche come scelta di vita stabile;<\/li>\n\n\n\n<li>Il ruolo centrale di Lucca e della sua qualit\u00e0 abitativa;<\/li>\n\n\n\n<li>Un primo segnale di ribilanciamento nelle locazioni turistiche, con la consulenza professionale sempre pi\u00f9 determinante.<\/li>\n<\/ul>\n\n\n\n<p><\/p>\n\n\n\n<h3 class=\"wp-block-heading\">Il mercato del mattone tiene in tutta la Versilia<\/h3>\n\n\n\n<p><em>Presentati i dati dello studio della Federazione agenti immobiliari<br>La domanda di case sostenuta specie per gli oggetti di pregio<\/em><\/p>\n\n\n\n<p>Il mercato immobiliare residenziale della provincia di Lucca e della Versilia chiude il primo semestre 2025 confermando stabilit\u00e0 e solidit\u00e0, con una domanda costante e un interesse particolare verso le aree di maggiore pregio.<\/p>\n\n\n\n<p>\u00c8 quanto affermano <strong>Armando Barsotti<\/strong> e <strong>Simone Casani<\/strong>, rispettivamente presidente e vicepresidente di <strong>Fiaip Pisa-Lucca<\/strong> (la Federazione Italiana Agenti Immobiliari Professionali), che sottolineano come il comparto stia attraversando una fase di consolidamento, con la Versilia e Lucca citt\u00e0 come motori trainanti.<\/p>\n\n\n\n<blockquote class=\"wp-block-quote is-layout-flow wp-block-quote-is-layout-flow\">\n<p>La Versilia<em> \u2013 <\/em>spiega <strong>Simone Casani<\/strong>, vicepresidente di Fiaip Pisa-Lucca<em> \u2013 <\/em>continua a distinguersi come punto di riferimento grazie a un mix unico di bellezze naturali, qualit\u00e0 dei servizi e vocazione turistica consolidata. La domanda, pur essendo selettiva, resta regolare e orientata a immobili di pregio o comunque inseriti in contesti di alto valore.<br>Non solo seconde case, ma anche residenze stabili: un segnale che conferma come la costa versiliese mantenga un appeal trasversale.<\/p>\n<\/blockquote>\n\n\n\n<blockquote class=\"wp-block-quote is-layout-flow wp-block-quote-is-layout-flow\">\n<p>Anche Lucca citt\u00e0 \u2013 evidenzia <strong>Armando Barsotti<\/strong>, presidente di Fiaip Pisa-Lucca \u2013 conserva intatto il proprio richiamo. Il centro storico, con le mura, le piazze e la vivibilit\u00e0 che lo contraddistingue, rimane tra i contesti abitativi pi\u00f9 desiderati. La combinazione di storia, cultura e qualit\u00e0 della vita rende il capoluogo un punto fermo per chi cerca un immobile che unisca praticit\u00e0 quotidiana e prestigio.<\/p>\n<\/blockquote>\n\n\n\n<p>Un capitolo a parte riguarda il settore delle locazioni turistiche, che negli ultimi anni aveva conosciuto un boom senza precedenti:<\/p>\n\n\n\n<blockquote class=\"wp-block-quote is-layout-flow wp-block-quote-is-layout-flow\">\n<p>Nel 2025 \u2013 sottolinea <strong>Simone Casani<\/strong> \u2013 si notano alcuni segnali di rallentamento.<br>Un fenomeno che tuttavia ha favorito una maggiore selezione degli immobili destinati a finalit\u00e0 turistico-ricettive, e parallelamente alcuni immobili si stanno riconvertendo verso un utilizzo abitativo tradizionale, contribuendo a riequilibrare l\u2019offerta.<br>In questo contesto, la consulenza di un esperto diventa sempre pi\u00f9 strategica per i proprietari, al fine di prendere decisioni consapevoli e ottimizzare l\u2019investimento, scegliendo la destinazione pi\u00f9 adatta per ciascun immobile.<br>Decidere se destinare un immobile al mercato turistico o a quello residenziale non \u00e8 una scelta banale: richiede valutazioni sui trend della domanda, sui rendimenti e sul valore prospettico della propriet\u00e0.<br><br><strong>Bene anche il resto della provincia di Lucca Segnali di rallentamento per il segmento delle locazioni turistiche<\/strong><\/p>\n<\/blockquote>\n\n\n\n<p>La provincia di Lucca dimostra ancora una volta di essere un territorio in grado di attrarre sia residenti sia visitatori. La variet\u00e0 delle localit\u00e0, l\u2019equilibrio tra aree urbane, patrimonio storico e paesaggi costieri, uniti alla qualit\u00e0 della vita, rendono questo territorio un unicum nel panorama nazionale.<\/p>\n\n\n\n<blockquote class=\"wp-block-quote is-layout-flow wp-block-quote-is-layout-flow\">\n<p>Il primo bilancio semestrale 2025 \u2013 conclude <strong>Armando Barsotti<\/strong> \u2013 evidenzia un mercato dinamico, selettivo e resiliente.<br>L\u2019intera provincia si conferma come un contesto in cui le diverse aree, dalla costa alla citt\u00e0 fino all\u2019entroterra, riescono a mantenere la propria identit\u00e0 e ad attrarre una domanda qualificata.<br>Le prospettive per i prossimi sei mesi restano positive, con un mercato residenziale che continua ad offrire opportunit\u00e0 interessanti a chi desidera vivere, investire o valorizzare un immobile in un territorio dal fascino senza tempo.<\/p>\n<\/blockquote>\n","protected":false},"excerpt":{"rendered":"<p>Pubblichiamo l\u2019articolo uscito su Il Tirreno, che presenta i dati del primo semestre 2025 e propone una panoramica completa sullo stato del mercato immobiliare residenziale nella provincia di Lucca, con un focus particolare sulla Versilia.<\/p>\n<p> <a class=\"more-link\" href=\"https:\/\/www.immobiliarecasani.it\/blog\/versilia-il-mattone-non-molla\/\">Leggi tutto<\/a><\/p>","protected":false},"author":1,"featured_media":527,"comment_status":"open","ping_status":"open","sticky":false,"template":"","format":"standard","meta":{"footnotes":""},"categories":[16],"tags":[],"class_list":{"0":"post-525","1":"post","2":"type-post","3":"status-publish","4":"format-standard","5":"has-post-thumbnail","7":"category-normative-mercato"},"yoast_head":"<!-- This site is optimized with the Yoast SEO plugin v24.6 - https:\/\/yoast.com\/wordpress\/plugins\/seo\/ -->\n<title>Versilia, il mattone non molla - Immobiliare Casani | Propriet\u00e0 esclusive in Vendita in Versilia<\/title>\n<meta name=\"robots\" content=\"index, follow, max-snippet:-1, max-image-preview:large, max-video-preview:-1\" \/>\n<link rel=\"canonical\" href=\"https:\/\/www.immobiliarecasani.it\/blog\/versilia-il-mattone-non-molla\/\" \/>\n<meta property=\"og:locale\" content=\"it_IT\" \/>\n<meta property=\"og:type\" content=\"article\" \/>\n<meta property=\"og:title\" content=\"Versilia, il mattone non molla - Immobiliare Casani | Propriet\u00e0 esclusive in Vendita in Versilia\" \/>\n<meta property=\"og:description\" content=\"Pubblichiamo l\u2019articolo uscito su Il Tirreno, che presenta i dati del primo semestre 2025 e propone una panoramica completa sullo stato del mercato immobiliare residenziale nella provincia di Lucca, con un focus particolare sulla Versilia.\" \/>\n<meta property=\"og:url\" content=\"https:\/\/www.immobiliarecasani.it\/blog\/versilia-il-mattone-non-molla\/\" \/>\n<meta property=\"og:site_name\" content=\"Immobiliare Casani | Propriet\u00e0 esclusive in Vendita in Versilia\" \/>\n<meta property=\"article:published_time\" content=\"2025-09-17T17:00:43+00:00\" \/>\n<meta property=\"article:modified_time\" content=\"2025-09-17T17:25:38+00:00\" \/>\n<meta property=\"og:image\" content=\"https:\/\/www.immobiliarecasani.it\/blog\/wp-content\/uploads\/2025\/09\/case-in-versilia-scaled.jpg\" \/>\n\t<meta property=\"og:image:width\" content=\"1920\" \/>\n\t<meta property=\"og:image:height\" content=\"2560\" \/>\n\t<meta property=\"og:image:type\" content=\"image\/jpeg\" \/>\n<meta name=\"author\" content=\"redazione\" \/>\n<meta name=\"twitter:card\" content=\"summary_large_image\" \/>\n<meta name=\"twitter:label1\" content=\"Scritto da\" \/>\n\t<meta name=\"twitter:data1\" content=\"redazione\" \/>\n\t<meta name=\"twitter:label2\" content=\"Tempo di lettura stimato\" \/>\n\t<meta name=\"twitter:data2\" content=\"2 minuti\" \/>\n<script type=\"application\/ld+json\" class=\"yoast-schema-graph\">{\"@context\":\"https:\/\/schema.org\",\"@graph\":[{\"@type\":\"WebPage\",\"@id\":\"https:\/\/www.immobiliarecasani.it\/blog\/versilia-il-mattone-non-molla\/\",\"url\":\"https:\/\/www.immobiliarecasani.it\/blog\/versilia-il-mattone-non-molla\/\",\"name\":\"Versilia, il mattone non molla - Immobiliare Casani | Propriet\u00e0 esclusive in Vendita in Versilia\",\"isPartOf\":{\"@id\":\"https:\/\/www.immobiliarecasani.it\/blog\/#website\"},\"primaryImageOfPage\":{\"@id\":\"https:\/\/www.immobiliarecasani.it\/blog\/versilia-il-mattone-non-molla\/#primaryimage\"},\"image\":{\"@id\":\"https:\/\/www.immobiliarecasani.it\/blog\/versilia-il-mattone-non-molla\/#primaryimage\"},\"thumbnailUrl\":\"https:\/\/www.immobiliarecasani.it\/blog\/wp-content\/uploads\/2025\/09\/case-in-versilia-scaled.jpg\",\"datePublished\":\"2025-09-17T17:00:43+00:00\",\"dateModified\":\"2025-09-17T17:25:38+00:00\",\"author\":{\"@id\":\"https:\/\/www.immobiliarecasani.it\/blog\/#\/schema\/person\/6dcab91ced0b4208769b25d73f4cc5d9\"},\"breadcrumb\":{\"@id\":\"https:\/\/www.immobiliarecasani.it\/blog\/versilia-il-mattone-non-molla\/#breadcrumb\"},\"inLanguage\":\"it-IT\",\"potentialAction\":[{\"@type\":\"ReadAction\",\"target\":[\"https:\/\/www.immobiliarecasani.it\/blog\/versilia-il-mattone-non-molla\/\"]}]},{\"@type\":\"ImageObject\",\"inLanguage\":\"it-IT\",\"@id\":\"https:\/\/www.immobiliarecasani.it\/blog\/versilia-il-mattone-non-molla\/#primaryimage\",\"url\":\"https:\/\/www.immobiliarecasani.it\/blog\/wp-content\/uploads\/2025\/09\/case-in-versilia-scaled.jpg\",\"contentUrl\":\"https:\/\/www.immobiliarecasani.it\/blog\/wp-content\/uploads\/2025\/09\/case-in-versilia-scaled.jpg\",\"width\":1920,\"height\":2560,\"caption\":\"case in versilia\"},{\"@type\":\"BreadcrumbList\",\"@id\":\"https:\/\/www.immobiliarecasani.it\/blog\/versilia-il-mattone-non-molla\/#breadcrumb\",\"itemListElement\":[{\"@type\":\"ListItem\",\"position\":1,\"name\":\"Home\",\"item\":\"https:\/\/www.immobiliarecasani.it\/blog\/\"},{\"@type\":\"ListItem\",\"position\":2,\"name\":\"Versilia, il mattone non molla\"}]},{\"@type\":\"WebSite\",\"@id\":\"https:\/\/www.immobiliarecasani.it\/blog\/#website\",\"url\":\"https:\/\/www.immobiliarecasani.it\/blog\/\",\"name\":\"Immobiliare Casani | Propriet\u00e0 esclusive in Vendita in Versilia\",\"description\":\"tutta un&#039;altra casa\",\"potentialAction\":[{\"@type\":\"SearchAction\",\"target\":{\"@type\":\"EntryPoint\",\"urlTemplate\":\"https:\/\/www.immobiliarecasani.it\/blog\/?s={search_term_string}\"},\"query-input\":{\"@type\":\"PropertyValueSpecification\",\"valueRequired\":true,\"valueName\":\"search_term_string\"}}],\"inLanguage\":\"it-IT\"},{\"@type\":\"Person\",\"@id\":\"https:\/\/www.immobiliarecasani.it\/blog\/#\/schema\/person\/6dcab91ced0b4208769b25d73f4cc5d9\",\"name\":\"redazione\",\"image\":{\"@type\":\"ImageObject\",\"inLanguage\":\"it-IT\",\"@id\":\"https:\/\/www.immobiliarecasani.it\/blog\/#\/schema\/person\/image\/\",\"url\":\"https:\/\/secure.gravatar.com\/avatar\/32bf9a2b6e7adbb403b69e51dbb6fe45110b35b0202aff9f833359ec0ac74f7e?s=96&d=mm&r=g\",\"contentUrl\":\"https:\/\/secure.gravatar.com\/avatar\/32bf9a2b6e7adbb403b69e51dbb6fe45110b35b0202aff9f833359ec0ac74f7e?s=96&d=mm&r=g\",\"caption\":\"redazione\"},\"sameAs\":[\"https:\/\/www.immobiliarecasani.it\/blog\"],\"url\":\"https:\/\/www.immobiliarecasani.it\/blog\/author\/infoimmobiliarecasani-it\/\"}]}<\/script>\n<!-- \/ Yoast SEO plugin. -->","yoast_head_json":{"title":"Versilia, il mattone non molla - Immobiliare Casani | Propriet\u00e0 esclusive in Vendita in Versilia","robots":{"index":"index","follow":"follow","max-snippet":"max-snippet:-1","max-image-preview":"max-image-preview:large","max-video-preview":"max-video-preview:-1"},"canonical":"https:\/\/www.immobiliarecasani.it\/blog\/versilia-il-mattone-non-molla\/","og_locale":"it_IT","og_type":"article","og_title":"Versilia, il mattone non molla - Immobiliare Casani | Propriet\u00e0 esclusive in Vendita in Versilia","og_description":"Pubblichiamo l\u2019articolo uscito su Il Tirreno, che presenta i dati del primo semestre 2025 e propone una panoramica completa sullo stato del mercato immobiliare residenziale nella provincia di Lucca, con un focus particolare sulla Versilia.","og_url":"https:\/\/www.immobiliarecasani.it\/blog\/versilia-il-mattone-non-molla\/","og_site_name":"Immobiliare Casani | Propriet\u00e0 esclusive in Vendita in Versilia","article_published_time":"2025-09-17T17:00:43+00:00","article_modified_time":"2025-09-17T17:25:38+00:00","og_image":[{"width":1920,"height":2560,"url":"https:\/\/www.immobiliarecasani.it\/blog\/wp-content\/uploads\/2025\/09\/case-in-versilia-scaled.jpg","type":"image\/jpeg"}],"author":"redazione","twitter_card":"summary_large_image","twitter_misc":{"Scritto da":"redazione","Tempo di lettura stimato":"2 minuti"},"schema":{"@context":"https:\/\/schema.org","@graph":[{"@type":"WebPage","@id":"https:\/\/www.immobiliarecasani.it\/blog\/versilia-il-mattone-non-molla\/","url":"https:\/\/www.immobiliarecasani.it\/blog\/versilia-il-mattone-non-molla\/","name":"Versilia, il mattone non molla - Immobiliare Casani | Propriet\u00e0 esclusive in Vendita in Versilia","isPartOf":{"@id":"https:\/\/www.immobiliarecasani.it\/blog\/#website"},"primaryImageOfPage":{"@id":"https:\/\/www.immobiliarecasani.it\/blog\/versilia-il-mattone-non-molla\/#primaryimage"},"image":{"@id":"https:\/\/www.immobiliarecasani.it\/blog\/versilia-il-mattone-non-molla\/#primaryimage"},"thumbnailUrl":"https:\/\/www.immobiliarecasani.it\/blog\/wp-content\/uploads\/2025\/09\/case-in-versilia-scaled.jpg","datePublished":"2025-09-17T17:00:43+00:00","dateModified":"2025-09-17T17:25:38+00:00","author":{"@id":"https:\/\/www.immobiliarecasani.it\/blog\/#\/schema\/person\/6dcab91ced0b4208769b25d73f4cc5d9"},"breadcrumb":{"@id":"https:\/\/www.immobiliarecasani.it\/blog\/versilia-il-mattone-non-molla\/#breadcrumb"},"inLanguage":"it-IT","potentialAction":[{"@type":"ReadAction","target":["https:\/\/www.immobiliarecasani.it\/blog\/versilia-il-mattone-non-molla\/"]}]},{"@type":"ImageObject","inLanguage":"it-IT","@id":"https:\/\/www.immobiliarecasani.it\/blog\/versilia-il-mattone-non-molla\/#primaryimage","url":"https:\/\/www.immobiliarecasani.it\/blog\/wp-content\/uploads\/2025\/09\/case-in-versilia-scaled.jpg","contentUrl":"https:\/\/www.immobiliarecasani.it\/blog\/wp-content\/uploads\/2025\/09\/case-in-versilia-scaled.jpg","width":1920,"height":2560,"caption":"case in versilia"},{"@type":"BreadcrumbList","@id":"https:\/\/www.immobiliarecasani.it\/blog\/versilia-il-mattone-non-molla\/#breadcrumb","itemListElement":[{"@type":"ListItem","position":1,"name":"Home","item":"https:\/\/www.immobiliarecasani.it\/blog\/"},{"@type":"ListItem","position":2,"name":"Versilia, il mattone non molla"}]},{"@type":"WebSite","@id":"https:\/\/www.immobiliarecasani.it\/blog\/#website","url":"https:\/\/www.immobiliarecasani.it\/blog\/","name":"Immobiliare Casani | Propriet\u00e0 esclusive in Vendita in Versilia","description":"tutta un&#039;altra casa","potentialAction":[{"@type":"SearchAction","target":{"@type":"EntryPoint","urlTemplate":"https:\/\/www.immobiliarecasani.it\/blog\/?s={search_term_string}"},"query-input":{"@type":"PropertyValueSpecification","valueRequired":true,"valueName":"search_term_string"}}],"inLanguage":"it-IT"},{"@type":"Person","@id":"https:\/\/www.immobiliarecasani.it\/blog\/#\/schema\/person\/6dcab91ced0b4208769b25d73f4cc5d9","name":"redazione","image":{"@type":"ImageObject","inLanguage":"it-IT","@id":"https:\/\/www.immobiliarecasani.it\/blog\/#\/schema\/person\/image\/","url":"https:\/\/secure.gravatar.com\/avatar\/32bf9a2b6e7adbb403b69e51dbb6fe45110b35b0202aff9f833359ec0ac74f7e?s=96&d=mm&r=g","contentUrl":"https:\/\/secure.gravatar.com\/avatar\/32bf9a2b6e7adbb403b69e51dbb6fe45110b35b0202aff9f833359ec0ac74f7e?s=96&d=mm&r=g","caption":"redazione"},"sameAs":["https:\/\/www.immobiliarecasani.it\/blog"],"url":"https:\/\/www.immobiliarecasani.it\/blog\/author\/infoimmobiliarecasani-it\/"}]}},"_links":{"self":[{"href":"https:\/\/www.immobiliarecasani.it\/blog\/wp-json\/wp\/v2\/posts\/525","targetHints":{"allow":["GET"]}}],"collection":[{"href":"https:\/\/www.immobiliarecasani.it\/blog\/wp-json\/wp\/v2\/posts"}],"about":[{"href":"https:\/\/www.immobiliarecasani.it\/blog\/wp-json\/wp\/v2\/types\/post"}],"author":[{"embeddable":true,"href":"https:\/\/www.immobiliarecasani.it\/blog\/wp-json\/wp\/v2\/users\/1"}],"replies":[{"embeddable":true,"href":"https:\/\/www.immobiliarecasani.it\/blog\/wp-json\/wp\/v2\/comments?post=525"}],"version-history":[{"count":2,"href":"https:\/\/www.immobiliarecasani.it\/blog\/wp-json\/wp\/v2\/posts\/525\/revisions"}],"predecessor-version":[{"id":533,"href":"https:\/\/www.immobiliarecasani.it\/blog\/wp-json\/wp\/v2\/posts\/525\/revisions\/533"}],"wp:featuredmedia":[{"embeddable":true,"href":"https:\/\/www.immobiliarecasani.it\/blog\/wp-json\/wp\/v2\/media\/527"}],"wp:attachment":[{"href":"https:\/\/www.immobiliarecasani.it\/blog\/wp-json\/wp\/v2\/media?parent=525"}],"wp:term":[{"taxonomy":"category","embeddable":true,"href":"https:\/\/www.immobiliarecasani.it\/blog\/wp-json\/wp\/v2\/categories?post=525"},{"taxonomy":"post_tag","embeddable":true,"href":"https:\/\/www.immobiliarecasani.it\/blog\/wp-json\/wp\/v2\/tags?post=525"}],"curies":[{"name":"wp","href":"https:\/\/api.w.org\/{rel}","templated":true}]}}