{"id":836,"date":"2026-01-26T17:20:01","date_gmt":"2026-01-26T17:20:01","guid":{"rendered":"https:\/\/www.immobiliarecasani.it\/blog\/?p=836"},"modified":"2026-01-26T17:20:16","modified_gmt":"2026-01-26T17:20:16","slug":"tra-cielo-e-mare-larchitettura-dei-sensi-a-villa-augusta","status":"publish","type":"post","link":"https:\/\/www.immobiliarecasani.it\/blog\/tra-cielo-e-mare-larchitettura-dei-sensi-a-villa-augusta\/","title":{"rendered":"Tra cielo e mare: l\u2019architettura dei sensi a Villa Augusta."},"content":{"rendered":"\n<p>Esiste un pregiudizio sottile per chi cerca casa in Versilia: la convinzione che il privilegio si misuri solo in metri di distanza dalla battigia. Ma \u00e8 risalendo le prime colline di Camaiore che si scopre una dimensione diversa, dove il lusso non \u00e8 prossimit\u00e0, ma prospettiva.<\/p>\n\n\n\n<p>Villa Augusta non \u00e8 semplicemente una residenza; \u00e8 una scenografia aperta progettata per inquadrare la bellezza. Qui, il paesaggio cessa di essere uno sfondo per diventare l\u2019elemento d\u2019arredo principale, una materia viva che entra prepotentemente negli interni, definendone l\u2019atmosfera.<\/p>\n\n\n\n<h2 class=\"wp-block-heading\">Una Memoria Materica<\/h2>\n\n\n\n<p>L\u2019arrivo alla villa \u00e8 un rito di decompressione. Lasciato il brusio del litorale, la strada si snoda tra il verde fino a svelare una struttura che non cerca di dominare la collina, ma di abitarla con grazia.<\/p>\n\n\n\n<p>Varcata la soglia, si \u00e8 accolti dal calore tattile del cotto dell\u2019Impruneta fatto a mano. Questo pavimento, con le sue sfumature terrose, funge da tappeto narrativo che unifica gli spazi creando un dialogo continuo tra interno ed esterno. Non \u00e8 solo una superficie, ma un richiamo costante alla terra, che guida l\u2019occhio verso le grandi aperture vetrate. La fluidit\u00e0 del layout riflette una filosofia abitativa dove le stanze non sono compartimenti stagni, ma volumi di luce in dialogo costante.<\/p>\n\n\n\n<h2 class=\"wp-block-heading\">Le Due Anime: Trasparenze e Riflessi<\/h2>\n\n\n\n<p>La villa vive di un dualismo affascinante. <br>C\u2019\u00e8 un\u2019anima interna, fatta di silenzio, proporzioni disegnate con cura e angoli di quiete destinati alla lettura e alla convivialit\u00e0 intima. <br>E c\u2019\u00e8 un\u2019anima esterna, che si manifesta attraverso sottili confini trasparenti che annullano la distanza tra l&#8217;abitare e la natura.<\/p>\n\n\n\n<p>In questo spazio, il design \u00e8 dettato dalla luce: l&#8217;azzurro come pigmento e il verde come quinte.<br>La piscina e l\u2019orizzonte marino non sono solo elementi esterni, ma macchie di colore che vibrano sulle pareti interne, mutando tonalit\u00e0 dal cobalto del mattino all&#8217;oro del crepuscolo.<br>Il giardino avvolge la casa, trasformando ogni finestra in una tela cangiante, una serie di quadri botanici che rendono superflua ogni altra decorazione.<\/p>\n\n\n\n<h2 class=\"wp-block-heading\">Spazi di Meditazione<\/h2>\n\n\n\n<p>Se la zona giorno \u00e8 il cuore pulsante e scenografico, la zona notte \u00e8 un rifugio di discrezione. Ma \u00e8 al piano superiore che la villa offre il suo regalo pi\u00f9 prezioso: una terrazza sospesa tra il cielo e il mare. In questo belvedere privato, si comprende il vero valore di questa propriet\u00e0: la possibilit\u00e0 di osservare il mondo da una posizione di privilegio assoluto, dove il silenzio \u00e8 interrotto solo dal respiro della brezza che sale dalla costa.<\/p>\n\n\n\n<p>Villa Augusta \u00e8 una casa dedicata a chi ha capito che il vero abitare non \u00e8 occupare uno spazio, ma lasciarsi abitare dal paesaggio.<\/p>\n","protected":false},"excerpt":{"rendered":"<p>Pi\u00f9 che una dimora, un\u2019esperienza visiva. Sulle colline di Camaiore, Villa Augusta ridefinisce il concetto di abitare. Scopri la &#8220;Casa del Mese&#8221;, dove il paesaggio diventa il pezzo d&#8217;arredo pi\u00f9 prezioso.<\/p>\n<p> <a class=\"more-link\" href=\"https:\/\/www.immobiliarecasani.it\/blog\/tra-cielo-e-mare-larchitettura-dei-sensi-a-villa-augusta\/\">Leggi tutto<\/a><\/p>","protected":false},"author":1,"featured_media":842,"comment_status":"open","ping_status":"open","sticky":false,"template":"","format":"standard","meta":{"footnotes":""},"categories":[68],"tags":[],"class_list":{"0":"post-836","1":"post","2":"type-post","3":"status-publish","4":"format-standard","5":"has-post-thumbnail","7":"category-la-casa-del-mese"},"yoast_head":"<!-- This site is optimized with the Yoast SEO plugin v24.6 - https:\/\/yoast.com\/wordpress\/plugins\/seo\/ -->\n<title>Tra cielo e mare: l\u2019architettura dei sensi a Villa Augusta. - Immobiliare Casani | Propriet\u00e0 esclusive in Vendita in Versilia<\/title>\n<meta name=\"robots\" content=\"index, follow, max-snippet:-1, max-image-preview:large, max-video-preview:-1\" \/>\n<link rel=\"canonical\" href=\"https:\/\/www.immobiliarecasani.it\/blog\/tra-cielo-e-mare-larchitettura-dei-sensi-a-villa-augusta\/\" \/>\n<meta property=\"og:locale\" content=\"it_IT\" \/>\n<meta property=\"og:type\" content=\"article\" \/>\n<meta property=\"og:title\" content=\"Tra cielo e mare: l\u2019architettura dei sensi a Villa Augusta. - Immobiliare Casani | Propriet\u00e0 esclusive in Vendita in Versilia\" \/>\n<meta property=\"og:description\" content=\"Pi\u00f9 che una dimora, un\u2019esperienza visiva. Sulle colline di Camaiore, Villa Augusta ridefinisce il concetto di abitare. Scopri la &quot;Casa del Mese&quot;, dove il paesaggio diventa il pezzo d&#039;arredo pi\u00f9 prezioso.\" \/>\n<meta property=\"og:url\" content=\"https:\/\/www.immobiliarecasani.it\/blog\/tra-cielo-e-mare-larchitettura-dei-sensi-a-villa-augusta\/\" \/>\n<meta property=\"og:site_name\" content=\"Immobiliare Casani | Propriet\u00e0 esclusive in Vendita in Versilia\" \/>\n<meta property=\"article:published_time\" content=\"2026-01-26T17:20:01+00:00\" \/>\n<meta property=\"article:modified_time\" content=\"2026-01-26T17:20:16+00:00\" \/>\n<meta property=\"og:image\" content=\"https:\/\/www.immobiliarecasani.it\/blog\/wp-content\/uploads\/2026\/01\/villa-augusta.jpeg\" \/>\n\t<meta property=\"og:image:width\" content=\"2048\" \/>\n\t<meta property=\"og:image:height\" content=\"1536\" \/>\n\t<meta property=\"og:image:type\" content=\"image\/jpeg\" \/>\n<meta name=\"author\" content=\"redazione\" \/>\n<meta name=\"twitter:card\" content=\"summary_large_image\" \/>\n<meta name=\"twitter:label1\" content=\"Scritto da\" \/>\n\t<meta name=\"twitter:data1\" content=\"redazione\" \/>\n\t<meta name=\"twitter:label2\" content=\"Tempo di lettura stimato\" \/>\n\t<meta name=\"twitter:data2\" content=\"3 minuti\" \/>\n<script type=\"application\/ld+json\" class=\"yoast-schema-graph\">{\"@context\":\"https:\/\/schema.org\",\"@graph\":[{\"@type\":\"WebPage\",\"@id\":\"https:\/\/www.immobiliarecasani.it\/blog\/tra-cielo-e-mare-larchitettura-dei-sensi-a-villa-augusta\/\",\"url\":\"https:\/\/www.immobiliarecasani.it\/blog\/tra-cielo-e-mare-larchitettura-dei-sensi-a-villa-augusta\/\",\"name\":\"Tra cielo e mare: l\u2019architettura dei sensi a Villa Augusta. - Immobiliare Casani | Propriet\u00e0 esclusive in Vendita in Versilia\",\"isPartOf\":{\"@id\":\"https:\/\/www.immobiliarecasani.it\/blog\/#website\"},\"primaryImageOfPage\":{\"@id\":\"https:\/\/www.immobiliarecasani.it\/blog\/tra-cielo-e-mare-larchitettura-dei-sensi-a-villa-augusta\/#primaryimage\"},\"image\":{\"@id\":\"https:\/\/www.immobiliarecasani.it\/blog\/tra-cielo-e-mare-larchitettura-dei-sensi-a-villa-augusta\/#primaryimage\"},\"thumbnailUrl\":\"https:\/\/www.immobiliarecasani.it\/blog\/wp-content\/uploads\/2026\/01\/villa-augusta.jpeg\",\"datePublished\":\"2026-01-26T17:20:01+00:00\",\"dateModified\":\"2026-01-26T17:20:16+00:00\",\"author\":{\"@id\":\"https:\/\/www.immobiliarecasani.it\/blog\/#\/schema\/person\/6dcab91ced0b4208769b25d73f4cc5d9\"},\"breadcrumb\":{\"@id\":\"https:\/\/www.immobiliarecasani.it\/blog\/tra-cielo-e-mare-larchitettura-dei-sensi-a-villa-augusta\/#breadcrumb\"},\"inLanguage\":\"it-IT\",\"potentialAction\":[{\"@type\":\"ReadAction\",\"target\":[\"https:\/\/www.immobiliarecasani.it\/blog\/tra-cielo-e-mare-larchitettura-dei-sensi-a-villa-augusta\/\"]}]},{\"@type\":\"ImageObject\",\"inLanguage\":\"it-IT\",\"@id\":\"https:\/\/www.immobiliarecasani.it\/blog\/tra-cielo-e-mare-larchitettura-dei-sensi-a-villa-augusta\/#primaryimage\",\"url\":\"https:\/\/www.immobiliarecasani.it\/blog\/wp-content\/uploads\/2026\/01\/villa-augusta.jpeg\",\"contentUrl\":\"https:\/\/www.immobiliarecasani.it\/blog\/wp-content\/uploads\/2026\/01\/villa-augusta.jpeg\",\"width\":2048,\"height\":1536,\"caption\":\"Villa Augusta Camaiore\"},{\"@type\":\"BreadcrumbList\",\"@id\":\"https:\/\/www.immobiliarecasani.it\/blog\/tra-cielo-e-mare-larchitettura-dei-sensi-a-villa-augusta\/#breadcrumb\",\"itemListElement\":[{\"@type\":\"ListItem\",\"position\":1,\"name\":\"Home\",\"item\":\"https:\/\/www.immobiliarecasani.it\/blog\/\"},{\"@type\":\"ListItem\",\"position\":2,\"name\":\"Tra cielo e mare: l\u2019architettura dei sensi a Villa Augusta.\"}]},{\"@type\":\"WebSite\",\"@id\":\"https:\/\/www.immobiliarecasani.it\/blog\/#website\",\"url\":\"https:\/\/www.immobiliarecasani.it\/blog\/\",\"name\":\"Immobiliare Casani | Propriet\u00e0 esclusive in Vendita in Versilia\",\"description\":\"tutta un&#039;altra casa\",\"potentialAction\":[{\"@type\":\"SearchAction\",\"target\":{\"@type\":\"EntryPoint\",\"urlTemplate\":\"https:\/\/www.immobiliarecasani.it\/blog\/?s={search_term_string}\"},\"query-input\":{\"@type\":\"PropertyValueSpecification\",\"valueRequired\":true,\"valueName\":\"search_term_string\"}}],\"inLanguage\":\"it-IT\"},{\"@type\":\"Person\",\"@id\":\"https:\/\/www.immobiliarecasani.it\/blog\/#\/schema\/person\/6dcab91ced0b4208769b25d73f4cc5d9\",\"name\":\"redazione\",\"image\":{\"@type\":\"ImageObject\",\"inLanguage\":\"it-IT\",\"@id\":\"https:\/\/www.immobiliarecasani.it\/blog\/#\/schema\/person\/image\/\",\"url\":\"https:\/\/secure.gravatar.com\/avatar\/32bf9a2b6e7adbb403b69e51dbb6fe45110b35b0202aff9f833359ec0ac74f7e?s=96&d=mm&r=g\",\"contentUrl\":\"https:\/\/secure.gravatar.com\/avatar\/32bf9a2b6e7adbb403b69e51dbb6fe45110b35b0202aff9f833359ec0ac74f7e?s=96&d=mm&r=g\",\"caption\":\"redazione\"},\"sameAs\":[\"https:\/\/www.immobiliarecasani.it\/blog\"],\"url\":\"https:\/\/www.immobiliarecasani.it\/blog\/author\/infoimmobiliarecasani-it\/\"}]}<\/script>\n<!-- \/ Yoast SEO plugin. -->","yoast_head_json":{"title":"Tra cielo e mare: l\u2019architettura dei sensi a Villa Augusta. - Immobiliare Casani | Propriet\u00e0 esclusive in Vendita in Versilia","robots":{"index":"index","follow":"follow","max-snippet":"max-snippet:-1","max-image-preview":"max-image-preview:large","max-video-preview":"max-video-preview:-1"},"canonical":"https:\/\/www.immobiliarecasani.it\/blog\/tra-cielo-e-mare-larchitettura-dei-sensi-a-villa-augusta\/","og_locale":"it_IT","og_type":"article","og_title":"Tra cielo e mare: l\u2019architettura dei sensi a Villa Augusta. - Immobiliare Casani | Propriet\u00e0 esclusive in Vendita in Versilia","og_description":"Pi\u00f9 che una dimora, un\u2019esperienza visiva. Sulle colline di Camaiore, Villa Augusta ridefinisce il concetto di abitare. Scopri la \"Casa del Mese\", dove il paesaggio diventa il pezzo d'arredo pi\u00f9 prezioso.","og_url":"https:\/\/www.immobiliarecasani.it\/blog\/tra-cielo-e-mare-larchitettura-dei-sensi-a-villa-augusta\/","og_site_name":"Immobiliare Casani | Propriet\u00e0 esclusive in Vendita in Versilia","article_published_time":"2026-01-26T17:20:01+00:00","article_modified_time":"2026-01-26T17:20:16+00:00","og_image":[{"width":2048,"height":1536,"url":"https:\/\/www.immobiliarecasani.it\/blog\/wp-content\/uploads\/2026\/01\/villa-augusta.jpeg","type":"image\/jpeg"}],"author":"redazione","twitter_card":"summary_large_image","twitter_misc":{"Scritto da":"redazione","Tempo di lettura stimato":"3 minuti"},"schema":{"@context":"https:\/\/schema.org","@graph":[{"@type":"WebPage","@id":"https:\/\/www.immobiliarecasani.it\/blog\/tra-cielo-e-mare-larchitettura-dei-sensi-a-villa-augusta\/","url":"https:\/\/www.immobiliarecasani.it\/blog\/tra-cielo-e-mare-larchitettura-dei-sensi-a-villa-augusta\/","name":"Tra cielo e mare: l\u2019architettura dei sensi a Villa Augusta. - Immobiliare Casani | Propriet\u00e0 esclusive in Vendita in Versilia","isPartOf":{"@id":"https:\/\/www.immobiliarecasani.it\/blog\/#website"},"primaryImageOfPage":{"@id":"https:\/\/www.immobiliarecasani.it\/blog\/tra-cielo-e-mare-larchitettura-dei-sensi-a-villa-augusta\/#primaryimage"},"image":{"@id":"https:\/\/www.immobiliarecasani.it\/blog\/tra-cielo-e-mare-larchitettura-dei-sensi-a-villa-augusta\/#primaryimage"},"thumbnailUrl":"https:\/\/www.immobiliarecasani.it\/blog\/wp-content\/uploads\/2026\/01\/villa-augusta.jpeg","datePublished":"2026-01-26T17:20:01+00:00","dateModified":"2026-01-26T17:20:16+00:00","author":{"@id":"https:\/\/www.immobiliarecasani.it\/blog\/#\/schema\/person\/6dcab91ced0b4208769b25d73f4cc5d9"},"breadcrumb":{"@id":"https:\/\/www.immobiliarecasani.it\/blog\/tra-cielo-e-mare-larchitettura-dei-sensi-a-villa-augusta\/#breadcrumb"},"inLanguage":"it-IT","potentialAction":[{"@type":"ReadAction","target":["https:\/\/www.immobiliarecasani.it\/blog\/tra-cielo-e-mare-larchitettura-dei-sensi-a-villa-augusta\/"]}]},{"@type":"ImageObject","inLanguage":"it-IT","@id":"https:\/\/www.immobiliarecasani.it\/blog\/tra-cielo-e-mare-larchitettura-dei-sensi-a-villa-augusta\/#primaryimage","url":"https:\/\/www.immobiliarecasani.it\/blog\/wp-content\/uploads\/2026\/01\/villa-augusta.jpeg","contentUrl":"https:\/\/www.immobiliarecasani.it\/blog\/wp-content\/uploads\/2026\/01\/villa-augusta.jpeg","width":2048,"height":1536,"caption":"Villa Augusta Camaiore"},{"@type":"BreadcrumbList","@id":"https:\/\/www.immobiliarecasani.it\/blog\/tra-cielo-e-mare-larchitettura-dei-sensi-a-villa-augusta\/#breadcrumb","itemListElement":[{"@type":"ListItem","position":1,"name":"Home","item":"https:\/\/www.immobiliarecasani.it\/blog\/"},{"@type":"ListItem","position":2,"name":"Tra cielo e mare: l\u2019architettura dei sensi a Villa Augusta."}]},{"@type":"WebSite","@id":"https:\/\/www.immobiliarecasani.it\/blog\/#website","url":"https:\/\/www.immobiliarecasani.it\/blog\/","name":"Immobiliare Casani | Propriet\u00e0 esclusive in Vendita in Versilia","description":"tutta un&#039;altra casa","potentialAction":[{"@type":"SearchAction","target":{"@type":"EntryPoint","urlTemplate":"https:\/\/www.immobiliarecasani.it\/blog\/?s={search_term_string}"},"query-input":{"@type":"PropertyValueSpecification","valueRequired":true,"valueName":"search_term_string"}}],"inLanguage":"it-IT"},{"@type":"Person","@id":"https:\/\/www.immobiliarecasani.it\/blog\/#\/schema\/person\/6dcab91ced0b4208769b25d73f4cc5d9","name":"redazione","image":{"@type":"ImageObject","inLanguage":"it-IT","@id":"https:\/\/www.immobiliarecasani.it\/blog\/#\/schema\/person\/image\/","url":"https:\/\/secure.gravatar.com\/avatar\/32bf9a2b6e7adbb403b69e51dbb6fe45110b35b0202aff9f833359ec0ac74f7e?s=96&d=mm&r=g","contentUrl":"https:\/\/secure.gravatar.com\/avatar\/32bf9a2b6e7adbb403b69e51dbb6fe45110b35b0202aff9f833359ec0ac74f7e?s=96&d=mm&r=g","caption":"redazione"},"sameAs":["https:\/\/www.immobiliarecasani.it\/blog"],"url":"https:\/\/www.immobiliarecasani.it\/blog\/author\/infoimmobiliarecasani-it\/"}]}},"_links":{"self":[{"href":"https:\/\/www.immobiliarecasani.it\/blog\/wp-json\/wp\/v2\/posts\/836","targetHints":{"allow":["GET"]}}],"collection":[{"href":"https:\/\/www.immobiliarecasani.it\/blog\/wp-json\/wp\/v2\/posts"}],"about":[{"href":"https:\/\/www.immobiliarecasani.it\/blog\/wp-json\/wp\/v2\/types\/post"}],"author":[{"embeddable":true,"href":"https:\/\/www.immobiliarecasani.it\/blog\/wp-json\/wp\/v2\/users\/1"}],"replies":[{"embeddable":true,"href":"https:\/\/www.immobiliarecasani.it\/blog\/wp-json\/wp\/v2\/comments?post=836"}],"version-history":[{"count":3,"href":"https:\/\/www.immobiliarecasani.it\/blog\/wp-json\/wp\/v2\/posts\/836\/revisions"}],"predecessor-version":[{"id":839,"href":"https:\/\/www.immobiliarecasani.it\/blog\/wp-json\/wp\/v2\/posts\/836\/revisions\/839"}],"wp:featuredmedia":[{"embeddable":true,"href":"https:\/\/www.immobiliarecasani.it\/blog\/wp-json\/wp\/v2\/media\/842"}],"wp:attachment":[{"href":"https:\/\/www.immobiliarecasani.it\/blog\/wp-json\/wp\/v2\/media?parent=836"}],"wp:term":[{"taxonomy":"category","embeddable":true,"href":"https:\/\/www.immobiliarecasani.it\/blog\/wp-json\/wp\/v2\/categories?post=836"},{"taxonomy":"post_tag","embeddable":true,"href":"https:\/\/www.immobiliarecasani.it\/blog\/wp-json\/wp\/v2\/tags?post=836"}],"curies":[{"name":"wp","href":"https:\/\/api.w.org\/{rel}","templated":true}]}}