{"id":921,"date":"2026-04-13T18:15:51","date_gmt":"2026-04-13T18:15:51","guid":{"rendered":"https:\/\/www.immobiliarecasani.it\/blog\/?p=921"},"modified":"2026-04-13T19:15:01","modified_gmt":"2026-04-13T19:15:01","slug":"camaiore-fiorisce-e-la-via-dellorto","status":"publish","type":"post","link":"https:\/\/www.immobiliarecasani.it\/blog\/camaiore-fiorisce-e-la-via-dellorto\/","title":{"rendered":"\u00c8 la Via dell\u2019Orto 2026"},"content":{"rendered":"\n<p>Ci siamo? Decisamente s\u00ec. Anche quest\u2019anno a Camaiore torna <strong>\u201c<a href=\"https:\/\/www.facebook.com\/elaviadellorto\" target=\"_blank\" rel=\"noreferrer noopener\">\u00c8 la Via dell\u2019Orto<\/a>\u201d<\/strong>, e il centro storico \u00e8 pronto a trasformarsi, per un intero weekend, in un percorso fatto di verde, sapori e incontri.<\/p>\n\n\n\n<p>Sabato 18 e domenica 19 aprile va in scena la quindicesima edizione della manifestazione, uno degli appuntamenti pi\u00f9 attesi della primavera in Versilia. Basta una passeggiata in Via di Mezzo per ritrovarsi tra orti scenografici, allestimenti creativi e dettagli curati che ridisegnano gli spazi e invitano a guardare il paese con occhi diversi.<\/p>\n\n\n\n<h2 class=\"wp-block-heading\">Cosa aspettarsi quest\u2019anno<\/h2>\n\n\n\n<p>Non \u00e8 solo una festa, ma un vero e proprio racconto del territorio che prende forma tra le vie del centro. Anche per questa edizione, <strong>\u201c\u00c8 la Via dell\u2019Orto\u201d<\/strong> si arricchisce di nuovi ospiti, esperienze e momenti di incontro.<\/p>\n\n\n\n<p>L\u2019edizione 2026 porta con s\u00e9 una novit\u00e0 importante: la direzione artistica affidata a <strong><a href=\"https:\/\/www.instagram.com\/lucalvani\/\" target=\"_blank\" rel=\"noreferrer noopener\">Luca Calvani<\/a><\/strong>, attore e volto noto della televisione, che negli ultimi anni ha affiancato alla carriera artistica un percorso legato alla cucina e alla valorizzazione delle tradizioni toscane.<\/p>\n\n\n\n<p>Oggi \u00e8 impegnato anche nel suo progetto a Camaiore, dove racconta una cucina stagionale e legata al territorio: un\u2019esperienza che porta anche all\u2019interno della manifestazione, guidando il pubblico tra incontri, racconti e appuntamenti dedicati al mondo del verde e dell\u2019enogastronomia.<\/p>\n\n\n\n<p>Per due giorni il centro storico di Camaiore si trasforma in un vero percorso esperienziale: orti scenografici allestiti tra corti, piazze e vie, stand di piante, sementi e prodotti locali, ma anche tanti momenti dedicati al confronto e alla scoperta.<\/p>\n\n\n\n<p>Tra gli appuntamenti pi\u00f9 attesi torna l\u2019<strong>Orto-Talk<\/strong> in Piazza XXIX Maggio, uno spazio dinamico dove si alterneranno chef, esperti e ospiti da tutta Italia, tra showcooking e approfondimenti legati al mondo dell\u2019enogastronomia.<\/p>\n\n\n\n<p>Non mancheranno i laboratori creativi negli spazi di Palazzo Tori-Massoni, con attivit\u00e0 pratiche legate al mondo botanico: dai kokedama alla cianotipia, fino alla creazione di composizioni floreali.<\/p>\n\n\n\n<p>Tra gli ospiti di questa edizione spicca la presenza di <strong>Licia Col\u00f2<\/strong>, volto noto della divulgazione ambientale, insieme a chef e professionisti del territorio.<\/p>\n\n\n\n<p>Accanto all\u2019aspetto pi\u00f9 esperienziale, resta centrale il tema della sostenibilit\u00e0 e della valorizzazione del sapere agricolo: un filo conduttore che da quindici anni rende questa manifestazione un appuntamento unico per il territorio.<\/p>\n\n\n\n<h2 class=\"wp-block-heading\">Un evento che racconta il territorio<\/h2>\n\n\n\n<p>\u201c\u00c8 la Via dell\u2019Orto\u201d \u00e8 un invito a rallentare, osservare e riscoprire il valore delle cose semplici: la terra, il cibo, le relazioni.<\/p>\n\n\n\n<p>Un\u2019esperienza che ogni anno trasforma Camaiore in un piccolo mondo fatto di natura e autenticit\u00e0, capace di attrarre visitatori e raccontare, in modo genuino, l\u2019identit\u00e0 della Versilia.<\/p>\n","protected":false},"excerpt":{"rendered":"<p>Non \u00e8 solo un evento, ma un modo per vivere Camaiore in maniera diversa, riscoprendo il legame tra natura, comunit\u00e0 e tradizioni locali. Un\u2019occasione perfetta per trascorrere un weekend tra profumi, sapori e bellezza, nel cuore della Versilia.<\/p>\n<p> <a class=\"more-link\" href=\"https:\/\/www.immobiliarecasani.it\/blog\/camaiore-fiorisce-e-la-via-dellorto\/\">Leggi tutto<\/a><\/p>","protected":false},"author":1,"featured_media":922,"comment_status":"open","ping_status":"open","sticky":false,"template":"","format":"standard","meta":{"footnotes":""},"categories":[31],"tags":[],"class_list":{"0":"post-921","1":"post","2":"type-post","3":"status-publish","4":"format-standard","5":"has-post-thumbnail","7":"category-vivere-la-versilia"},"yoast_head":"<!-- This site is optimized with the Yoast SEO plugin v24.6 - https:\/\/yoast.com\/wordpress\/plugins\/seo\/ -->\n<title>\u00c8 la Via dell\u2019Orto 2026 - Immobiliare Casani | Propriet\u00e0 esclusive in Vendita in Versilia<\/title>\n<meta name=\"robots\" content=\"index, follow, max-snippet:-1, max-image-preview:large, max-video-preview:-1\" \/>\n<link rel=\"canonical\" href=\"https:\/\/www.immobiliarecasani.it\/blog\/camaiore-fiorisce-e-la-via-dellorto\/\" \/>\n<meta property=\"og:locale\" content=\"it_IT\" \/>\n<meta property=\"og:type\" content=\"article\" \/>\n<meta property=\"og:title\" content=\"\u00c8 la Via dell\u2019Orto 2026 - Immobiliare Casani | Propriet\u00e0 esclusive in Vendita in Versilia\" \/>\n<meta property=\"og:description\" content=\"Non \u00e8 solo un evento, ma un modo per vivere Camaiore in maniera diversa, riscoprendo il legame tra natura, comunit\u00e0 e tradizioni locali. Un\u2019occasione perfetta per trascorrere un weekend tra profumi, sapori e bellezza, nel cuore della Versilia.\" \/>\n<meta property=\"og:url\" content=\"https:\/\/www.immobiliarecasani.it\/blog\/camaiore-fiorisce-e-la-via-dellorto\/\" \/>\n<meta property=\"og:site_name\" content=\"Immobiliare Casani | Propriet\u00e0 esclusive in Vendita in Versilia\" \/>\n<meta property=\"article:published_time\" content=\"2026-04-13T18:15:51+00:00\" \/>\n<meta property=\"article:modified_time\" content=\"2026-04-13T19:15:01+00:00\" \/>\n<meta property=\"og:image\" content=\"https:\/\/www.immobiliarecasani.it\/blog\/wp-content\/uploads\/2026\/04\/via-dellorto-2026.jpeg\" \/>\n\t<meta property=\"og:image:width\" content=\"1600\" \/>\n\t<meta property=\"og:image:height\" content=\"900\" \/>\n\t<meta property=\"og:image:type\" content=\"image\/jpeg\" \/>\n<meta name=\"author\" content=\"redazione\" \/>\n<meta name=\"twitter:card\" content=\"summary_large_image\" \/>\n<meta name=\"twitter:label1\" content=\"Scritto da\" \/>\n\t<meta name=\"twitter:data1\" content=\"redazione\" \/>\n\t<meta name=\"twitter:label2\" content=\"Tempo di lettura stimato\" \/>\n\t<meta name=\"twitter:data2\" content=\"3 minuti\" \/>\n<script type=\"application\/ld+json\" class=\"yoast-schema-graph\">{\"@context\":\"https:\/\/schema.org\",\"@graph\":[{\"@type\":\"WebPage\",\"@id\":\"https:\/\/www.immobiliarecasani.it\/blog\/camaiore-fiorisce-e-la-via-dellorto\/\",\"url\":\"https:\/\/www.immobiliarecasani.it\/blog\/camaiore-fiorisce-e-la-via-dellorto\/\",\"name\":\"\u00c8 la Via dell\u2019Orto 2026 - Immobiliare Casani | Propriet\u00e0 esclusive in Vendita in Versilia\",\"isPartOf\":{\"@id\":\"https:\/\/www.immobiliarecasani.it\/blog\/#website\"},\"primaryImageOfPage\":{\"@id\":\"https:\/\/www.immobiliarecasani.it\/blog\/camaiore-fiorisce-e-la-via-dellorto\/#primaryimage\"},\"image\":{\"@id\":\"https:\/\/www.immobiliarecasani.it\/blog\/camaiore-fiorisce-e-la-via-dellorto\/#primaryimage\"},\"thumbnailUrl\":\"https:\/\/www.immobiliarecasani.it\/blog\/wp-content\/uploads\/2026\/04\/via-dellorto-2026.jpeg\",\"datePublished\":\"2026-04-13T18:15:51+00:00\",\"dateModified\":\"2026-04-13T19:15:01+00:00\",\"author\":{\"@id\":\"https:\/\/www.immobiliarecasani.it\/blog\/#\/schema\/person\/6dcab91ced0b4208769b25d73f4cc5d9\"},\"breadcrumb\":{\"@id\":\"https:\/\/www.immobiliarecasani.it\/blog\/camaiore-fiorisce-e-la-via-dellorto\/#breadcrumb\"},\"inLanguage\":\"it-IT\",\"potentialAction\":[{\"@type\":\"ReadAction\",\"target\":[\"https:\/\/www.immobiliarecasani.it\/blog\/camaiore-fiorisce-e-la-via-dellorto\/\"]}]},{\"@type\":\"ImageObject\",\"inLanguage\":\"it-IT\",\"@id\":\"https:\/\/www.immobiliarecasani.it\/blog\/camaiore-fiorisce-e-la-via-dellorto\/#primaryimage\",\"url\":\"https:\/\/www.immobiliarecasani.it\/blog\/wp-content\/uploads\/2026\/04\/via-dellorto-2026.jpeg\",\"contentUrl\":\"https:\/\/www.immobiliarecasani.it\/blog\/wp-content\/uploads\/2026\/04\/via-dellorto-2026.jpeg\",\"width\":1600,\"height\":900,\"caption\":\"\u00e8 la via dell'orto 2026\"},{\"@type\":\"BreadcrumbList\",\"@id\":\"https:\/\/www.immobiliarecasani.it\/blog\/camaiore-fiorisce-e-la-via-dellorto\/#breadcrumb\",\"itemListElement\":[{\"@type\":\"ListItem\",\"position\":1,\"name\":\"Home\",\"item\":\"https:\/\/www.immobiliarecasani.it\/blog\/\"},{\"@type\":\"ListItem\",\"position\":2,\"name\":\"\u00c8 la Via dell\u2019Orto 2026\"}]},{\"@type\":\"WebSite\",\"@id\":\"https:\/\/www.immobiliarecasani.it\/blog\/#website\",\"url\":\"https:\/\/www.immobiliarecasani.it\/blog\/\",\"name\":\"Immobiliare Casani | Propriet\u00e0 esclusive in Vendita in Versilia\",\"description\":\"tutta un&#039;altra casa\",\"potentialAction\":[{\"@type\":\"SearchAction\",\"target\":{\"@type\":\"EntryPoint\",\"urlTemplate\":\"https:\/\/www.immobiliarecasani.it\/blog\/?s={search_term_string}\"},\"query-input\":{\"@type\":\"PropertyValueSpecification\",\"valueRequired\":true,\"valueName\":\"search_term_string\"}}],\"inLanguage\":\"it-IT\"},{\"@type\":\"Person\",\"@id\":\"https:\/\/www.immobiliarecasani.it\/blog\/#\/schema\/person\/6dcab91ced0b4208769b25d73f4cc5d9\",\"name\":\"redazione\",\"image\":{\"@type\":\"ImageObject\",\"inLanguage\":\"it-IT\",\"@id\":\"https:\/\/www.immobiliarecasani.it\/blog\/#\/schema\/person\/image\/\",\"url\":\"https:\/\/secure.gravatar.com\/avatar\/32bf9a2b6e7adbb403b69e51dbb6fe45110b35b0202aff9f833359ec0ac74f7e?s=96&d=mm&r=g\",\"contentUrl\":\"https:\/\/secure.gravatar.com\/avatar\/32bf9a2b6e7adbb403b69e51dbb6fe45110b35b0202aff9f833359ec0ac74f7e?s=96&d=mm&r=g\",\"caption\":\"redazione\"},\"sameAs\":[\"https:\/\/www.immobiliarecasani.it\/blog\"],\"url\":\"https:\/\/www.immobiliarecasani.it\/blog\/author\/infoimmobiliarecasani-it\/\"}]}<\/script>\n<!-- \/ Yoast SEO plugin. -->","yoast_head_json":{"title":"\u00c8 la Via dell\u2019Orto 2026 - Immobiliare Casani | Propriet\u00e0 esclusive in Vendita in Versilia","robots":{"index":"index","follow":"follow","max-snippet":"max-snippet:-1","max-image-preview":"max-image-preview:large","max-video-preview":"max-video-preview:-1"},"canonical":"https:\/\/www.immobiliarecasani.it\/blog\/camaiore-fiorisce-e-la-via-dellorto\/","og_locale":"it_IT","og_type":"article","og_title":"\u00c8 la Via dell\u2019Orto 2026 - Immobiliare Casani | Propriet\u00e0 esclusive in Vendita in Versilia","og_description":"Non \u00e8 solo un evento, ma un modo per vivere Camaiore in maniera diversa, riscoprendo il legame tra natura, comunit\u00e0 e tradizioni locali. Un\u2019occasione perfetta per trascorrere un weekend tra profumi, sapori e bellezza, nel cuore della Versilia.","og_url":"https:\/\/www.immobiliarecasani.it\/blog\/camaiore-fiorisce-e-la-via-dellorto\/","og_site_name":"Immobiliare Casani | Propriet\u00e0 esclusive in Vendita in Versilia","article_published_time":"2026-04-13T18:15:51+00:00","article_modified_time":"2026-04-13T19:15:01+00:00","og_image":[{"width":1600,"height":900,"url":"https:\/\/www.immobiliarecasani.it\/blog\/wp-content\/uploads\/2026\/04\/via-dellorto-2026.jpeg","type":"image\/jpeg"}],"author":"redazione","twitter_card":"summary_large_image","twitter_misc":{"Scritto da":"redazione","Tempo di lettura stimato":"3 minuti"},"schema":{"@context":"https:\/\/schema.org","@graph":[{"@type":"WebPage","@id":"https:\/\/www.immobiliarecasani.it\/blog\/camaiore-fiorisce-e-la-via-dellorto\/","url":"https:\/\/www.immobiliarecasani.it\/blog\/camaiore-fiorisce-e-la-via-dellorto\/","name":"\u00c8 la Via dell\u2019Orto 2026 - Immobiliare Casani | Propriet\u00e0 esclusive in Vendita in Versilia","isPartOf":{"@id":"https:\/\/www.immobiliarecasani.it\/blog\/#website"},"primaryImageOfPage":{"@id":"https:\/\/www.immobiliarecasani.it\/blog\/camaiore-fiorisce-e-la-via-dellorto\/#primaryimage"},"image":{"@id":"https:\/\/www.immobiliarecasani.it\/blog\/camaiore-fiorisce-e-la-via-dellorto\/#primaryimage"},"thumbnailUrl":"https:\/\/www.immobiliarecasani.it\/blog\/wp-content\/uploads\/2026\/04\/via-dellorto-2026.jpeg","datePublished":"2026-04-13T18:15:51+00:00","dateModified":"2026-04-13T19:15:01+00:00","author":{"@id":"https:\/\/www.immobiliarecasani.it\/blog\/#\/schema\/person\/6dcab91ced0b4208769b25d73f4cc5d9"},"breadcrumb":{"@id":"https:\/\/www.immobiliarecasani.it\/blog\/camaiore-fiorisce-e-la-via-dellorto\/#breadcrumb"},"inLanguage":"it-IT","potentialAction":[{"@type":"ReadAction","target":["https:\/\/www.immobiliarecasani.it\/blog\/camaiore-fiorisce-e-la-via-dellorto\/"]}]},{"@type":"ImageObject","inLanguage":"it-IT","@id":"https:\/\/www.immobiliarecasani.it\/blog\/camaiore-fiorisce-e-la-via-dellorto\/#primaryimage","url":"https:\/\/www.immobiliarecasani.it\/blog\/wp-content\/uploads\/2026\/04\/via-dellorto-2026.jpeg","contentUrl":"https:\/\/www.immobiliarecasani.it\/blog\/wp-content\/uploads\/2026\/04\/via-dellorto-2026.jpeg","width":1600,"height":900,"caption":"\u00e8 la via dell'orto 2026"},{"@type":"BreadcrumbList","@id":"https:\/\/www.immobiliarecasani.it\/blog\/camaiore-fiorisce-e-la-via-dellorto\/#breadcrumb","itemListElement":[{"@type":"ListItem","position":1,"name":"Home","item":"https:\/\/www.immobiliarecasani.it\/blog\/"},{"@type":"ListItem","position":2,"name":"\u00c8 la Via dell\u2019Orto 2026"}]},{"@type":"WebSite","@id":"https:\/\/www.immobiliarecasani.it\/blog\/#website","url":"https:\/\/www.immobiliarecasani.it\/blog\/","name":"Immobiliare Casani | Propriet\u00e0 esclusive in Vendita in Versilia","description":"tutta un&#039;altra casa","potentialAction":[{"@type":"SearchAction","target":{"@type":"EntryPoint","urlTemplate":"https:\/\/www.immobiliarecasani.it\/blog\/?s={search_term_string}"},"query-input":{"@type":"PropertyValueSpecification","valueRequired":true,"valueName":"search_term_string"}}],"inLanguage":"it-IT"},{"@type":"Person","@id":"https:\/\/www.immobiliarecasani.it\/blog\/#\/schema\/person\/6dcab91ced0b4208769b25d73f4cc5d9","name":"redazione","image":{"@type":"ImageObject","inLanguage":"it-IT","@id":"https:\/\/www.immobiliarecasani.it\/blog\/#\/schema\/person\/image\/","url":"https:\/\/secure.gravatar.com\/avatar\/32bf9a2b6e7adbb403b69e51dbb6fe45110b35b0202aff9f833359ec0ac74f7e?s=96&d=mm&r=g","contentUrl":"https:\/\/secure.gravatar.com\/avatar\/32bf9a2b6e7adbb403b69e51dbb6fe45110b35b0202aff9f833359ec0ac74f7e?s=96&d=mm&r=g","caption":"redazione"},"sameAs":["https:\/\/www.immobiliarecasani.it\/blog"],"url":"https:\/\/www.immobiliarecasani.it\/blog\/author\/infoimmobiliarecasani-it\/"}]}},"_links":{"self":[{"href":"https:\/\/www.immobiliarecasani.it\/blog\/wp-json\/wp\/v2\/posts\/921","targetHints":{"allow":["GET"]}}],"collection":[{"href":"https:\/\/www.immobiliarecasani.it\/blog\/wp-json\/wp\/v2\/posts"}],"about":[{"href":"https:\/\/www.immobiliarecasani.it\/blog\/wp-json\/wp\/v2\/types\/post"}],"author":[{"embeddable":true,"href":"https:\/\/www.immobiliarecasani.it\/blog\/wp-json\/wp\/v2\/users\/1"}],"replies":[{"embeddable":true,"href":"https:\/\/www.immobiliarecasani.it\/blog\/wp-json\/wp\/v2\/comments?post=921"}],"version-history":[{"count":6,"href":"https:\/\/www.immobiliarecasani.it\/blog\/wp-json\/wp\/v2\/posts\/921\/revisions"}],"predecessor-version":[{"id":931,"href":"https:\/\/www.immobiliarecasani.it\/blog\/wp-json\/wp\/v2\/posts\/921\/revisions\/931"}],"wp:featuredmedia":[{"embeddable":true,"href":"https:\/\/www.immobiliarecasani.it\/blog\/wp-json\/wp\/v2\/media\/922"}],"wp:attachment":[{"href":"https:\/\/www.immobiliarecasani.it\/blog\/wp-json\/wp\/v2\/media?parent=921"}],"wp:term":[{"taxonomy":"category","embeddable":true,"href":"https:\/\/www.immobiliarecasani.it\/blog\/wp-json\/wp\/v2\/categories?post=921"},{"taxonomy":"post_tag","embeddable":true,"href":"https:\/\/www.immobiliarecasani.it\/blog\/wp-json\/wp\/v2\/tags?post=921"}],"curies":[{"name":"wp","href":"https:\/\/api.w.org\/{rel}","templated":true}]}}